{"id":2804,"date":"2017-08-08T13:20:55","date_gmt":"2017-08-08T16:20:55","guid":{"rendered":"http:\/\/www.paulus.com.br\/assistencia-social\/?post_type=noticias&#038;p=2804"},"modified":"2022-10-19T11:30:18","modified_gmt":"2022-10-19T14:30:18","slug":"formacao-sobre-o-marco-regulatorio-acontece-na-fapcom","status":"publish","type":"noticias","link":"https:\/\/www.paulus.com.br\/assistencia-social\/noticias\/formacao-sobre-o-marco-regulatorio-acontece-na-fapcom\/","title":{"rendered":"Forma\u00e7\u00e3o sobre o Marco Regulat\u00f3rio acontece na FAPCOM"},"content":{"rendered":"<p>O Curso de Extens\u00e3o Comunit\u00e1ria \u201cImers\u00e3o em Gest\u00e3o de Entidades Sociais com foco na Lei N\u00ba 13.019 \u2013 MROSC\u201d teve in\u00edcio na \u00faltima segunda-feira, dia 07 de agosto. A forma\u00e7\u00e3o, ministrada pelo Prof. Ms. Jos\u00e9 Alberto Tozzi, aconteceu na Faculdade PAULUS de Tecnologia e Comunica\u00e7\u00e3o \u2013 FAPCOM \u2013 e segue at\u00e9 outubro.<\/p>\n<p>Atividade de Assessoramento tradicional da Assist\u00eancia Social PAULUS, o curso, voltado a gestores de entidades socioassistenciais, busca fornecer perspectivas para lidar com problemas de planejamento e gest\u00e3o cotidianos que usualmente decorrem da falta de recursos financeiros. Assim, a forma\u00e7\u00e3o prop\u00f5e uma metodologia que permita um diagn\u00f3stico, uma vis\u00e3o integrada de processo, a implanta\u00e7\u00e3o da solu\u00e7\u00e3o e o acompanhamento dos resultados envolvendo toda a Organiza\u00e7\u00e3o.<\/p>\n<p>As vagas para a forma\u00e7\u00e3o est\u00e3o esgotadas.<\/p>\n","protected":false},"featured_media":6901,"template":"","tags":[],"class_list":["post-2804","noticias","type-noticias","status-publish","has-post-thumbnail","hentry"],"acf":[],"_links":{"self":[{"href":"https:\/\/www.paulus.com.br\/assistencia-social\/wp-json\/wp\/v2\/noticias\/2804","targetHints":{"allow":["GET"]}}],"collection":[{"href":"https:\/\/www.paulus.com.br\/assistencia-social\/wp-json\/wp\/v2\/noticias"}],"about":[{"href":"https:\/\/www.paulus.com.br\/assistencia-social\/wp-json\/wp\/v2\/types\/noticias"}],"wp:featuredmedia":[{"embeddable":true,"href":"https:\/\/www.paulus.com.br\/assistencia-social\/wp-json\/wp\/v2\/media\/6901"}],"wp:attachment":[{"href":"https:\/\/www.paulus.com.br\/assistencia-social\/wp-json\/wp\/v2\/media?parent=2804"}],"wp:term":[{"taxonomy":"post_tag","embeddable":true,"href":"https:\/\/www.paulus.com.br\/assistencia-social\/wp-json\/wp\/v2\/tags?post=2804"}],"curies":[{"name":"wp","href":"https:\/\/api.w.org\/{rel}","templated":true}]}}