{"id":2787,"date":"2017-08-04T14:48:02","date_gmt":"2017-08-04T17:48:02","guid":{"rendered":"http:\/\/www.paulus.com.br\/assistencia-social\/?post_type=noticias&#038;p=2787"},"modified":"2022-10-19T11:39:40","modified_gmt":"2022-10-19T14:39:40","slug":"assistencia-social-paulus-inicia-curso-sobre-violencia-contra-a-mulher","status":"publish","type":"noticias","link":"https:\/\/www.paulus.com.br\/assistencia-social\/noticias\/assistencia-social-paulus-inicia-curso-sobre-violencia-contra-a-mulher\/","title":{"rendered":"Assist\u00eancia Social PAULUS inicia curso sobre viol\u00eancia contra a mulher"},"content":{"rendered":"<p style=\"text-align: left;\">Come\u00e7a nesta sexta-feira, dia 04 de agosto, o Curso de Extens\u00e3o Comunit\u00e1ria \u201cCREAS e a constru\u00e7\u00e3o do Servi\u00e7o de Acolhimento \u00e0s mulheres v\u00edtimas de viol\u00eancia\u201d. A forma\u00e7\u00e3o acontece na Faculdade PAULUS de Tecnologia e Comunica\u00e7\u00e3o \u2013 FAPCOM \u2013 e segue at\u00e9 dia 06 de outubro, discutindo\u00a0aspectos hist\u00f3ricos e conceituais da Pol\u00edtica P\u00fablica de Assist\u00eancia Social, e contextualizando o servi\u00e7o de alta complexidade para mulheres v\u00edtimas de viol\u00eancia. O curso \u00e9 ministrado por Francisca Pini, atual diretora pedag\u00f3gica do Instituto Paulo Freire e formadora de longa data da Assist\u00eancia Social PAULUS.<\/p>\n<p style=\"text-align: left;\">Durante o primeiro dia do curso a aula contou com as presen\u00e7as de Aurimar Pacheco Ferreira \u2013 Coordenador do N\u00facleo PAULUS de Pesquisa e Dissemina\u00e7\u00e3o Social \u2013 e Elisandra Oliveira \u2013 Coordenadora de Projetos no N\u00facleo PAULUS \u2013 realizando as falas de abertura da forma\u00e7\u00e3o para o grupo de 35 alunos presentes.<\/p>\n<p style=\"text-align: left;\">Dentro das a\u00e7\u00f5es de Assessoramento do N\u00facleo PAULUS de Forma\u00e7\u00e3o, Pesquisa e Dissemina\u00e7\u00e3o Social, est\u00e1 \u00e9 a primeira iniciativa com tal tem\u00e1tica.<\/p>\n","protected":false},"featured_media":6904,"template":"","tags":[],"class_list":["post-2787","noticias","type-noticias","status-publish","has-post-thumbnail","hentry"],"acf":[],"_links":{"self":[{"href":"https:\/\/www.paulus.com.br\/assistencia-social\/wp-json\/wp\/v2\/noticias\/2787","targetHints":{"allow":["GET"]}}],"collection":[{"href":"https:\/\/www.paulus.com.br\/assistencia-social\/wp-json\/wp\/v2\/noticias"}],"about":[{"href":"https:\/\/www.paulus.com.br\/assistencia-social\/wp-json\/wp\/v2\/types\/noticias"}],"wp:featuredmedia":[{"embeddable":true,"href":"https:\/\/www.paulus.com.br\/assistencia-social\/wp-json\/wp\/v2\/media\/6904"}],"wp:attachment":[{"href":"https:\/\/www.paulus.com.br\/assistencia-social\/wp-json\/wp\/v2\/media?parent=2787"}],"wp:term":[{"taxonomy":"post_tag","embeddable":true,"href":"https:\/\/www.paulus.com.br\/assistencia-social\/wp-json\/wp\/v2\/tags?post=2787"}],"curies":[{"name":"wp","href":"https:\/\/api.w.org\/{rel}","templated":true}]}}