{"id":2764,"date":"2017-07-31T16:32:55","date_gmt":"2017-07-31T19:32:55","guid":{"rendered":"http:\/\/www.paulus.com.br\/assistencia-social\/?post_type=noticias&#038;p=2764"},"modified":"2022-10-19T11:45:52","modified_gmt":"2022-10-19T14:45:52","slug":"mrosc-em-atividade-de-assessoramento-na-assistencia-social-paulus-contribui-com-a-sociedade-civil-e-a-rede-de-relacionamentos-em-nova-friburgorj","status":"publish","type":"noticias","link":"https:\/\/www.paulus.com.br\/assistencia-social\/noticias\/mrosc-em-atividade-de-assessoramento-na-assistencia-social-paulus-contribui-com-a-sociedade-civil-e-a-rede-de-relacionamentos-em-nova-friburgorj\/","title":{"rendered":"MROSC \u2013 Em atividade de Assessoramento na Assist\u00eancia Social, PAULUS contribui com a Sociedade Civil e a Rede de Relacionamentos em Nova Friburgo\/RJ"},"content":{"rendered":"<p>A PAULUS realiza, nos dias 31 de julho e 01 de agosto, uma forma\u00e7\u00e3o sobre o Marco Regulat\u00f3rio das Entidades da Sociedade Civil em Nova Friburgo\/RJ. O curso de 16 horas \u00e9 ministrado pela advogada tributarista, especialista na lei 13.019\/14, Roz\u00e2ngela Borota. Quatro munic\u00edpios participam do encontro \u2013 Nova Friburgo, Rio das Ostras, Mag\u00e9 e Duas Barras \u2013 e cinco institui\u00e7\u00f5es da Sociedade Civil, compondo um p\u00fablico de 32 pessoas. Aurimar Pacheco Ferreira \u2013 Coordenador do N\u00facleo PAULUS de Pesquisa e Dissemina\u00e7\u00e3o Social \u2013 e Nat\u00e1lia Corazza \u2013 Analista de Projetos Sociais \u2013 acompanham o evento, representando a Assist\u00eancia Social PAULUS.<\/p>\n<p>A forma\u00e7\u00e3o \u00e9 realizada em parceria com a Federa\u00e7\u00e3o Nacional das Associa\u00e7\u00f5es Pestalozzi, Unidade de Nova Friburgo\/RJ. Como parcerias solid\u00e1rias ainda constam a C\u00e1ritas Diosesana de Nova Friburgo\/RJ e a Secretaria Municipal de Assist\u00eancia Social.<\/p>\n<p>O tema do Marco Regulat\u00f3rio &#8211; Lei 13.019\/14 \u00e9 pouco explorado na maioria dos munic\u00edpios brasileiros. Reconhecendo o qu\u00e3o necess\u00e1rio \u00e9 para as institui\u00e7\u00f5es da Sociedade Civil um entendimento aprofundado desta lei, PAULUS e Pestalozzi proporcionam \u00e0 regi\u00e3o, atrav\u00e9s da sua a\u00e7\u00e3o de Assessoramento, a oportunidade de compreender melhor suas particularidades.<\/p>\n<p>A PAULUS realiza programa de Assessoramento e Garantia de Direitos em dezenove Estados da Federa\u00e7\u00e3o Brasileira, com \u00eanfase na forma\u00e7\u00e3o de profissionais, pesquisas e dissemina\u00e7\u00e3o de documentos e ideias que consolidem e dinamizem a implanta\u00e7\u00e3o do Sistema \u00danico de Assist\u00eancia Social \u2013 SUAS \u2013 no pa\u00eds.<\/p>\n","protected":false},"featured_media":6907,"template":"","tags":[],"class_list":["post-2764","noticias","type-noticias","status-publish","has-post-thumbnail","hentry"],"acf":[],"_links":{"self":[{"href":"https:\/\/www.paulus.com.br\/assistencia-social\/wp-json\/wp\/v2\/noticias\/2764","targetHints":{"allow":["GET"]}}],"collection":[{"href":"https:\/\/www.paulus.com.br\/assistencia-social\/wp-json\/wp\/v2\/noticias"}],"about":[{"href":"https:\/\/www.paulus.com.br\/assistencia-social\/wp-json\/wp\/v2\/types\/noticias"}],"wp:featuredmedia":[{"embeddable":true,"href":"https:\/\/www.paulus.com.br\/assistencia-social\/wp-json\/wp\/v2\/media\/6907"}],"wp:attachment":[{"href":"https:\/\/www.paulus.com.br\/assistencia-social\/wp-json\/wp\/v2\/media?parent=2764"}],"wp:term":[{"taxonomy":"post_tag","embeddable":true,"href":"https:\/\/www.paulus.com.br\/assistencia-social\/wp-json\/wp\/v2\/tags?post=2764"}],"curies":[{"name":"wp","href":"https:\/\/api.w.org\/{rel}","templated":true}]}}