{"id":2756,"date":"2017-07-28T14:23:59","date_gmt":"2017-07-28T17:23:59","guid":{"rendered":"http:\/\/www.paulus.com.br\/assistencia-social\/?post_type=noticias&#038;p=2756"},"modified":"2022-10-19T11:57:37","modified_gmt":"2022-10-19T14:57:37","slug":"vi-encontro-do-gt-de-assessoramento-acontece-na-fapcom","status":"publish","type":"noticias","link":"https:\/\/www.paulus.com.br\/assistencia-social\/noticias\/vi-encontro-do-gt-de-assessoramento-acontece-na-fapcom\/","title":{"rendered":"VI Encontro do GT de Assessoramento acontece na FAPCOM"},"content":{"rendered":"<p>O Grupo de Trabalho \u201cAssessoramento, Defesa e Garantia de Direitos\u201d realizou sua VI reuni\u00e3o na \u00faltima quinta-feira, dia 27 de Julho. O encontro ocorreu em S\u00e3o Paulo, na Faculdade PAULUS de Tecnologia e Comunica\u00e7\u00e3o, contando com a presen\u00e7a de representa\u00e7\u00f5es de 17 Institui\u00e7\u00f5es.<\/p>\n<p>Ponto algo do encontro, o Grupo de Trabalho evoluiu a proposta para a constru\u00e7\u00e3o de um Manual Orientador para a Inscri\u00e7\u00e3o de Entidades de Assessoramento, Defesa e Garantia de Direitos no \u00c2mbito da Assist\u00eancia Social.<\/p>\n<p>Dois momentos da reuni\u00e3o foram transmitidos ao vivo, e podem ser conferidos nos links abaixo.<\/p>\n<p><a href=\"https:\/\/www.facebook.com\/assessoramentoedefesa\/videos\/1235821186523593\/\">Link 1<\/a><\/p>\n<p><a href=\"https:\/\/www.facebook.com\/assessoramentoedefesa\/videos\/1235993346506377\/\">Link 2<\/a><\/p>\n<p>&nbsp;<\/p>\n\n\n<figure class=\"wp-block-image size-full\"><a href=\"https:\/\/www.paulus.com.br\/assistencia-social\/wp-content\/uploads\/2022\/10\/7162gtfapcom.jpg\"><img loading=\"lazy\" decoding=\"async\" width=\"716\" height=\"444\" src=\"https:\/\/www.paulus.com.br\/assistencia-social\/wp-content\/uploads\/2022\/10\/7162gtfapcom.jpg\" alt=\"\" class=\"wp-image-6913\" srcset=\"https:\/\/www.paulus.com.br\/assistencia-social\/wp-content\/uploads\/2022\/10\/7162gtfapcom.jpg 716w, https:\/\/www.paulus.com.br\/assistencia-social\/wp-content\/uploads\/2022\/10\/7162gtfapcom-300x186.jpg 300w\" sizes=\"auto, (max-width: 716px) 100vw, 716px\" \/><\/a><\/figure>\n","protected":false},"featured_media":6909,"template":"","tags":[],"class_list":["post-2756","noticias","type-noticias","status-publish","has-post-thumbnail","hentry"],"acf":[],"_links":{"self":[{"href":"https:\/\/www.paulus.com.br\/assistencia-social\/wp-json\/wp\/v2\/noticias\/2756","targetHints":{"allow":["GET"]}}],"collection":[{"href":"https:\/\/www.paulus.com.br\/assistencia-social\/wp-json\/wp\/v2\/noticias"}],"about":[{"href":"https:\/\/www.paulus.com.br\/assistencia-social\/wp-json\/wp\/v2\/types\/noticias"}],"wp:featuredmedia":[{"embeddable":true,"href":"https:\/\/www.paulus.com.br\/assistencia-social\/wp-json\/wp\/v2\/media\/6909"}],"wp:attachment":[{"href":"https:\/\/www.paulus.com.br\/assistencia-social\/wp-json\/wp\/v2\/media?parent=2756"}],"wp:term":[{"taxonomy":"post_tag","embeddable":true,"href":"https:\/\/www.paulus.com.br\/assistencia-social\/wp-json\/wp\/v2\/tags?post=2756"}],"curies":[{"name":"wp","href":"https:\/\/api.w.org\/{rel}","templated":true}]}}