{"id":2742,"date":"2017-07-20T16:10:23","date_gmt":"2017-07-20T19:10:23","guid":{"rendered":"http:\/\/www.paulus.com.br\/assistencia-social\/?post_type=noticias&#038;p=2742"},"modified":"2022-10-19T13:31:51","modified_gmt":"2022-10-19T16:31:51","slug":"conferencia-regional-de-assistencia-social-acontece-na-freguesia-do-o","status":"publish","type":"noticias","link":"https:\/\/www.paulus.com.br\/assistencia-social\/noticias\/conferencia-regional-de-assistencia-social-acontece-na-freguesia-do-o\/","title":{"rendered":"Confer\u00eancia Regional de Assist\u00eancia Social acontece na Freguesia do \u00d3"},"content":{"rendered":"<p>O Centro de Atendimento \u00e0 Crian\u00e7a e ao Adolescente PAULUS, localizado no bairro da Freguesia do \u00d3, zona norte da cidade S\u00e3o Paulo, cedeu espa\u00e7o para a realiza\u00e7\u00e3o na \u00faltima ter\u00e7a-feira, dia 18 de julho, da Confer\u00eancia Regional de Assist\u00eancia Social. O encontro contou com a presen\u00e7a de mais de 200 participantes. Al\u00e9m da disponibiliza\u00e7\u00e3o do espa\u00e7o, a equipe do CCA contribuiu na mobiliza\u00e7\u00e3o das fam\u00edlias de frequentadores do Servi\u00e7o de Conviv\u00eancia, convidando-os a participar da Confer\u00eancia.<\/p>\n<p>A PAULUS teve representa\u00e7\u00e3o diversa de sua equipe de trabalho, com destaque para a presen\u00e7a da Gerente Social da PAULUS, a Assistente Social Dulcin\u00e9ia Reginato Francisco e do Coordenador Administrativo Alessandro Tiezzi.<\/p>\n<p>A mesa diretora do COMAS &#8211; Conselho Municipal de Assist\u00eancia Social de S\u00e3o Paulo &#8211; coordenou os trabalhos, tendo a frente sua atual Presidente, Fernanda Campana, que dirimiu as discuss\u00f5es acaloradas que visam a qualifica\u00e7\u00e3o dos debates e a inclus\u00e3o das tem\u00e1ticas e sugest\u00f5es daquele territ\u00f3rio para a XII Confer\u00eancia Municipal de Assist\u00eancia Social de S\u00e3o Paulo, que acontecer\u00e1 entre os dias 15 e 18 de agosto deste ano, no Anhembi Centro de Eventos.<\/p>\n<p>Pela PAULUS, o supervisor Fabiano Bueno, do CCA PAULUS, foi eleito como delegado pelo territ\u00f3rio da Freguesia do \u00d3.<\/p>\n","protected":false},"featured_media":6914,"template":"","tags":[],"class_list":["post-2742","noticias","type-noticias","status-publish","has-post-thumbnail","hentry"],"acf":[],"_links":{"self":[{"href":"https:\/\/www.paulus.com.br\/assistencia-social\/wp-json\/wp\/v2\/noticias\/2742","targetHints":{"allow":["GET"]}}],"collection":[{"href":"https:\/\/www.paulus.com.br\/assistencia-social\/wp-json\/wp\/v2\/noticias"}],"about":[{"href":"https:\/\/www.paulus.com.br\/assistencia-social\/wp-json\/wp\/v2\/types\/noticias"}],"wp:featuredmedia":[{"embeddable":true,"href":"https:\/\/www.paulus.com.br\/assistencia-social\/wp-json\/wp\/v2\/media\/6914"}],"wp:attachment":[{"href":"https:\/\/www.paulus.com.br\/assistencia-social\/wp-json\/wp\/v2\/media?parent=2742"}],"wp:term":[{"taxonomy":"post_tag","embeddable":true,"href":"https:\/\/www.paulus.com.br\/assistencia-social\/wp-json\/wp\/v2\/tags?post=2742"}],"curies":[{"name":"wp","href":"https:\/\/api.w.org\/{rel}","templated":true}]}}