{"id":2722,"date":"2017-07-18T14:48:48","date_gmt":"2017-07-18T17:48:48","guid":{"rendered":"http:\/\/www.paulus.com.br\/assistencia-social\/?post_type=noticias&#038;p=2722"},"modified":"2022-10-19T13:53:22","modified_gmt":"2022-10-19T16:53:22","slug":"evento-de-lancamento-do-kit-2017-do-programa-direito-e-cidadania-acontece-em-sao-paulo","status":"publish","type":"noticias","link":"https:\/\/www.paulus.com.br\/assistencia-social\/noticias\/evento-de-lancamento-do-kit-2017-do-programa-direito-e-cidadania-acontece-em-sao-paulo\/","title":{"rendered":"Evento de lan\u00e7amento do Kit 2017 do Programa Direito e Cidadania acontece em S\u00e3o Paulo"},"content":{"rendered":"<p>Nesta segunda-feira, dia 17 de julho, a Assist\u00eancia Social PAULUS realizou o lan\u00e7amento do Kit de 2017 do Programa Direito e Cidadania. Na ocasi\u00e3o estiveram presentes representantes de v\u00e1rias organiza\u00e7\u00f5es parceiras, bem como colaboradores de diversos setores da PAULUS e membros da diretoria da Pia Sociedade de S\u00e3o Paulo. O encontro, ocorrido no novo endere\u00e7o do departamento, tamb\u00e9m serviu como inaugura\u00e7\u00e3o do espa\u00e7o, utilizado desde mar\u00e7o deste ano.<\/p>\n<p>O p\u00fablico presente acompanhou uma exposi\u00e7\u00e3o com um pouco da hist\u00f3ria dos \u00faltimos 11 anos da Assist\u00eancia Social PAULUS. Fotos, objetos e lembran\u00e7as guiaram todos pela mem\u00f3ria e pelos resultados dos projetos \u2013 como o \u201cLeitura para a Cidadania\u201d, com os eventos \u201cLivro Vivo\u201d \u2013 que precederam o Programa Direito e Cidadania. Houve tamb\u00e9m uma apresenta\u00e7\u00e3o detalhando as estrat\u00e9gias atuais do programa, a exibi\u00e7\u00e3o um v\u00eddeo resumindo a atua\u00e7\u00e3o do N\u00facleo PAULUS pelo pa\u00eds e o cotidiano dos Servi\u00e7os de Conviv\u00eancia e Fortalecimento de V\u00ednculos da PAULUS. Por fim, os convidados do lan\u00e7amento receberam o Kit de 2017 do Programa Direito e Cidadania, com os t\u00edtulos \u201c<em>Kathelyn Sofia<\/em>\u201d, de Andrea Viviana Taubman, \u201c<em>Meninas Equilibristas<\/em>\u201d, de Alexandre de Carvalho, \u201c<em>Sentindo as Palavras<\/em>\u201d, de Matheus Nogueira, \u201c<em>Cantigas para Alegrar<\/em>\u201d, organizado por Alexandre Carvalho e &#8220;<em>Vamos Brincar de Parlendas<\/em>&#8220;, organizado por Leidson Farias.<\/p>\n<p>\u201c\u00c9 uma alegria finalmente ter inaugurado esse novo espa\u00e7o juntamente com o lan\u00e7amento do novo kit, contando com a presen\u00e7a de parceiros e representantes de organiza\u00e7\u00f5es que trabalham conosco no Programa Direito e Cidadania, que \u00e9 um programa essencial na nossa a\u00e7\u00e3o de Assist\u00eancia Social.\u201d destaca Pe. Paulo Bazaglia, Diretor Geral da PAULUS, e complementa: \u201co Programa sempre segue essa ideia de ler livros, mas tamb\u00e9m ler a vida, reestabelecendo a premissa de conquistar direitos\u201d.<\/p>\n<p>Novas forma\u00e7\u00f5es do Programa Direito e Cidadania j\u00e1 est\u00e3o programadas para o segundo semestre. At\u00e9 o m\u00eas de outubro atividades de forma\u00e7\u00e3o est\u00e3o confirmadas em 11 estados do pa\u00eds.<\/p>\n","protected":false},"featured_media":6916,"template":"","tags":[],"class_list":["post-2722","noticias","type-noticias","status-publish","has-post-thumbnail","hentry"],"acf":[],"_links":{"self":[{"href":"https:\/\/www.paulus.com.br\/assistencia-social\/wp-json\/wp\/v2\/noticias\/2722","targetHints":{"allow":["GET"]}}],"collection":[{"href":"https:\/\/www.paulus.com.br\/assistencia-social\/wp-json\/wp\/v2\/noticias"}],"about":[{"href":"https:\/\/www.paulus.com.br\/assistencia-social\/wp-json\/wp\/v2\/types\/noticias"}],"wp:featuredmedia":[{"embeddable":true,"href":"https:\/\/www.paulus.com.br\/assistencia-social\/wp-json\/wp\/v2\/media\/6916"}],"wp:attachment":[{"href":"https:\/\/www.paulus.com.br\/assistencia-social\/wp-json\/wp\/v2\/media?parent=2722"}],"wp:term":[{"taxonomy":"post_tag","embeddable":true,"href":"https:\/\/www.paulus.com.br\/assistencia-social\/wp-json\/wp\/v2\/tags?post=2722"}],"curies":[{"name":"wp","href":"https:\/\/api.w.org\/{rel}","templated":true}]}}