{"id":2715,"date":"2017-07-13T09:41:25","date_gmt":"2017-07-13T12:41:25","guid":{"rendered":"http:\/\/www.paulus.com.br\/assistencia-social\/?post_type=noticias&#038;p=2715"},"modified":"2022-10-19T14:11:03","modified_gmt":"2022-10-19T17:11:03","slug":"aulas-da-pos-graduacao-em-gestao-do-suas-recomecam-dia-04-de-agosto","status":"publish","type":"noticias","link":"https:\/\/www.paulus.com.br\/assistencia-social\/noticias\/aulas-da-pos-graduacao-em-gestao-do-suas-recomecam-dia-04-de-agosto\/","title":{"rendered":"Aulas da P\u00f3s gradua\u00e7\u00e3o em Gest\u00e3o do SUAS recome\u00e7am dia 04 de agosto"},"content":{"rendered":"<p style=\"text-align: left;\">Na sexta feira, 04 de agosto de 2017, recome\u00e7am as aulas da \u00faltima etapa do segundo m\u00f3dulo da P\u00f3s gradua\u00e7\u00e3o &#8220;Gest\u00e3o em Servi\u00e7os do SUAS\u201d &#8211; Sistema \u00danico de Assist\u00eancia Social\u201d.<\/p>\n<p>Ser\u00e1 ofertada a disciplina &#8220;A conviv\u00eancia e o fortalecimento de v\u00ednculos como paradigmas fundantes das pr\u00e1ticas na gest\u00e3o do SUAS&#8221;, ministrada pela Professora-Doutora pela PUC\/SP, Jane Aparecida Giorgetti Valente, Assistente Social e atual Secret\u00e1ria Municipal de Assist\u00eancia Social e Seguran\u00e7a Alimentar de Campinas\/SP. As aulas ser\u00e3o sempre \u00e0s sextas feiras das 19h00 \u00e0s 22h40 na FAPCOM &#8211; Faculdade PAULUS de Tecnologia e Comunica\u00e7\u00e3o.<\/p>\n<p>A disciplina a seguir ser\u00e1 &#8221; Comunica\u00e7\u00e3o e Tecnologia a servi\u00e7o do SUAS, oferecida \u00e0s segundas-feiras, entre 19h00 e 22h40, conduzida pelo Professor Rovilson Robbi Britto, Jornalista, Doutor em Ci\u00eancias da Comunica\u00e7\u00e3o e P\u00f3s Doutor pela USP &#8211; Universidade de S\u00e3o Paulo. O referido professor tamb\u00e9m atua nos cursos de comunica\u00e7\u00e3o da FAPCOM.<\/p>\n<p>O Curso de P\u00f3s Gradua\u00e7\u00e3o \u201cGest\u00e3o em Servi\u00e7os do SUAS\u201d &#8211; Sistema \u00danico de Assist\u00eancia Social &#8211; \u00e9 realizado pela FAPCOM, a partir do Programa de Assessoramento e Garantia de Direitos da PAULUS, operado pela Assist\u00eancia Social\/N\u00facleo PAULUS de Forma\u00e7\u00e3o, Pesquisa e Dissemina\u00e7\u00e3o Social.<\/p>\n<h6><span style=\"color: revert; font-size: revert; font-weight: revert; font-family: -apple-system, BlinkMacSystemFont, 'Segoe UI', Roboto, Oxygen-Sans, Ubuntu, Cantarell, 'Helvetica Neue', sans-serif;\">Foto: Arquivo PAULUS &#8211; Aula Magna ministrada pelo Prof. Dr. Edval Bernardino Campos &#8211; 12 de maio de 2017<\/span><\/h6>\n","protected":false},"featured_media":6919,"template":"","tags":[],"class_list":["post-2715","noticias","type-noticias","status-publish","has-post-thumbnail","hentry"],"acf":[],"_links":{"self":[{"href":"https:\/\/www.paulus.com.br\/assistencia-social\/wp-json\/wp\/v2\/noticias\/2715","targetHints":{"allow":["GET"]}}],"collection":[{"href":"https:\/\/www.paulus.com.br\/assistencia-social\/wp-json\/wp\/v2\/noticias"}],"about":[{"href":"https:\/\/www.paulus.com.br\/assistencia-social\/wp-json\/wp\/v2\/types\/noticias"}],"wp:featuredmedia":[{"embeddable":true,"href":"https:\/\/www.paulus.com.br\/assistencia-social\/wp-json\/wp\/v2\/media\/6919"}],"wp:attachment":[{"href":"https:\/\/www.paulus.com.br\/assistencia-social\/wp-json\/wp\/v2\/media?parent=2715"}],"wp:term":[{"taxonomy":"post_tag","embeddable":true,"href":"https:\/\/www.paulus.com.br\/assistencia-social\/wp-json\/wp\/v2\/tags?post=2715"}],"curies":[{"name":"wp","href":"https:\/\/api.w.org\/{rel}","templated":true}]}}