{"id":2697,"date":"2017-07-05T11:24:33","date_gmt":"2017-07-05T14:24:33","guid":{"rendered":"http:\/\/www.paulus.com.br\/assistencia-social\/?post_type=noticias&#038;p=2697"},"modified":"2022-10-19T15:06:34","modified_gmt":"2022-10-19T18:06:34","slug":"curso-de-audiodescricao-acontece-no-mes-de-julho","status":"publish","type":"noticias","link":"https:\/\/www.paulus.com.br\/assistencia-social\/noticias\/curso-de-audiodescricao-acontece-no-mes-de-julho\/","title":{"rendered":"Curso de Audiodescri\u00e7\u00e3o acontece no m\u00eas de julho."},"content":{"rendered":"<p>Aconteceu na \u00faltima segunda-feira, dia 03 de Julho, a primeira aula do Curso de Extens\u00e3o Comunit\u00e1ria \u201cIntrodu\u00e7\u00e3o \u00e0 audiodescri\u00e7\u00e3o\u201d, parte das a\u00e7\u00f5es do Programa de Assessoramento e Garantia de Direitos da Assist\u00eancia Social PAULUS. A forma\u00e7\u00e3o acontece na FAPCOM e \u00e9 ministrada por Isabel Pitta Ribeiro Machado. Na aula de abertura tamb\u00e9m esteve presente Carlos Eduardo Ferrari, formador de longa data do N\u00facleo PAULUS.<\/p>\n<p>O curso apresenta aos participantes recursos para promover a inclus\u00e3o social e cultural de pessoas com defici\u00eancia visual, por meio de uma ampla reflex\u00e3o sobre a maneira pela qual todo e qualquer espectador tem acesso \u00e0s imagens. Ao fim do mesmo, o aluno poder\u00e1 produzir roteiros de audiodescri\u00e7\u00e3o de imagens est\u00e1ticas como pinturas e esculturas e de imagens em movimento como cinema, teatro e dan\u00e7a e televis\u00e3o.<\/p>\n<p>A capacita\u00e7\u00e3o \u00e9 voltada a profissionais de \u00e1reas diversas, oferecendo-lhes os recursos necess\u00e1rios para que possam se apropriar dos conceitos e das t\u00e9cnicas de audiodescri\u00e7\u00e3o para elaborar roteiros e propiciar ao espectador com defici\u00eancia visual as ambiguidades referentes \u00e0s formas de apropria\u00e7\u00e3o dos conte\u00fados visuais.<\/p>\n<p>A forma\u00e7\u00e3o segue at\u00e9 dia 24 de julho, sempre as segundas-feiras, das 8:30h \u00e0s 17:30h.<\/p>\n","protected":false},"featured_media":6921,"template":"","tags":[],"class_list":["post-2697","noticias","type-noticias","status-publish","has-post-thumbnail","hentry"],"acf":[],"_links":{"self":[{"href":"https:\/\/www.paulus.com.br\/assistencia-social\/wp-json\/wp\/v2\/noticias\/2697","targetHints":{"allow":["GET"]}}],"collection":[{"href":"https:\/\/www.paulus.com.br\/assistencia-social\/wp-json\/wp\/v2\/noticias"}],"about":[{"href":"https:\/\/www.paulus.com.br\/assistencia-social\/wp-json\/wp\/v2\/types\/noticias"}],"wp:featuredmedia":[{"embeddable":true,"href":"https:\/\/www.paulus.com.br\/assistencia-social\/wp-json\/wp\/v2\/media\/6921"}],"wp:attachment":[{"href":"https:\/\/www.paulus.com.br\/assistencia-social\/wp-json\/wp\/v2\/media?parent=2697"}],"wp:term":[{"taxonomy":"post_tag","embeddable":true,"href":"https:\/\/www.paulus.com.br\/assistencia-social\/wp-json\/wp\/v2\/tags?post=2697"}],"curies":[{"name":"wp","href":"https:\/\/api.w.org\/{rel}","templated":true}]}}