{"id":2675,"date":"2017-06-23T17:07:55","date_gmt":"2017-06-23T20:07:55","guid":{"rendered":"http:\/\/www.paulus.com.br\/assistencia-social\/?post_type=noticias&#038;p=2675"},"modified":"2022-10-19T15:53:36","modified_gmt":"2022-10-19T18:53:36","slug":"programa-direito-e-cidadania-realiza-formacao-em-brasilia","status":"publish","type":"noticias","link":"https:\/\/www.paulus.com.br\/assistencia-social\/noticias\/programa-direito-e-cidadania-realiza-formacao-em-brasilia\/","title":{"rendered":"Programa Direito e Cidadania realiza forma\u00e7\u00e3o em Bras\u00edlia"},"content":{"rendered":"<p>Nos dias 20 e 21 de junho aconteceu em Bras\u00edlia\/DF o curso \u201cDe v\u00ednculos e conviv\u00eancias, os diversos interesses e sociabilidades para a cidadania infantojuvenil\u201d, etapa de forma\u00e7\u00e3o do Programa Direito e Cidadania. Realizada em parceria com o Conselho Regional de Psicologia do Distrito Federal (CRP\/DF) e o Conselho de Entidades de Promo\u00e7\u00e3o e Assist\u00eancia Social (CEPAS), o encontro foi ministrado pelo professor Agnaldo Geremias e contou com grande participa\u00e7\u00e3o das entidades da regi\u00e3o.<\/p>\n<p>O Programa Direito e Cidadania compreende um conjunto de atividades voltadas \u00e0 conviv\u00eancia social e ao protagonismo de crian\u00e7as e adolescentes participantes dos Servi\u00e7os de Conviv\u00eancia e Fortalecimento de V\u00ednculos, sejam elas desenvolvidas por entidades governamentais ou n\u00e3o governamentais. A etapa de forma\u00e7\u00e3o consiste em dois encontros focados em capacitar trabalhadores do Sistema \u00danico de Assist\u00eancia Social atuantes nos Servi\u00e7os de Conviv\u00eancia e Fortalecimento de V\u00ednculos (SCFV) no uso do kit de livros criado especificamente para o Programa. Ap\u00f3s a forma\u00e7\u00e3o as institui\u00e7\u00f5es participantes recebem as publica\u00e7\u00f5es para que possam desenvolver atividades direcionadas a conviv\u00eancia com as crian\u00e7as e adolescentes presentes nos SCFV.<\/p>\n<p>O encontro realizado em Bras\u00edlia avan\u00e7a com a proposta de parceria formalizada entre a Assist\u00eancia Social PAULUS, o CRP-01\/DF e o CEPAS em maio deste ano. A pr\u00f3xima etapa do Programa \u00e9 o Monitoramento, na qual as entidades que participaram das forma\u00e7\u00f5es s\u00e3o visitadas para verificando a progress\u00e3o dos conceitos de atividades inicialmente propostos.<\/p>\n<p><img loading=\"lazy\" decoding=\"async\" class=\"aligncenter size-full wp-image-2676\" src=\"http:\/\/www.paulus.com.br\/assistencia-social\/wp-content\/uploads\/2017\/06\/8001.jpg\" alt=\"\" width=\"800\" height=\"600\" srcset=\"https:\/\/www.paulus.com.br\/assistencia-social\/wp-content\/uploads\/2017\/06\/8001.jpg 800w, https:\/\/www.paulus.com.br\/assistencia-social\/wp-content\/uploads\/2017\/06\/8001-300x225.jpg 300w, https:\/\/www.paulus.com.br\/assistencia-social\/wp-content\/uploads\/2017\/06\/8001-768x576.jpg 768w\" sizes=\"auto, (max-width: 800px) 100vw, 800px\" \/> <img loading=\"lazy\" decoding=\"async\" class=\"aligncenter size-full wp-image-2677\" src=\"http:\/\/www.paulus.com.br\/assistencia-social\/wp-content\/uploads\/2017\/06\/8002.jpg\" alt=\"\" width=\"800\" height=\"600\" srcset=\"https:\/\/www.paulus.com.br\/assistencia-social\/wp-content\/uploads\/2017\/06\/8002.jpg 800w, https:\/\/www.paulus.com.br\/assistencia-social\/wp-content\/uploads\/2017\/06\/8002-300x225.jpg 300w, https:\/\/www.paulus.com.br\/assistencia-social\/wp-content\/uploads\/2017\/06\/8002-768x576.jpg 768w\" sizes=\"auto, (max-width: 800px) 100vw, 800px\" \/><\/p>\n","protected":false},"featured_media":6923,"template":"","tags":[],"class_list":["post-2675","noticias","type-noticias","status-publish","has-post-thumbnail","hentry"],"acf":[],"_links":{"self":[{"href":"https:\/\/www.paulus.com.br\/assistencia-social\/wp-json\/wp\/v2\/noticias\/2675","targetHints":{"allow":["GET"]}}],"collection":[{"href":"https:\/\/www.paulus.com.br\/assistencia-social\/wp-json\/wp\/v2\/noticias"}],"about":[{"href":"https:\/\/www.paulus.com.br\/assistencia-social\/wp-json\/wp\/v2\/types\/noticias"}],"wp:featuredmedia":[{"embeddable":true,"href":"https:\/\/www.paulus.com.br\/assistencia-social\/wp-json\/wp\/v2\/media\/6923"}],"wp:attachment":[{"href":"https:\/\/www.paulus.com.br\/assistencia-social\/wp-json\/wp\/v2\/media?parent=2675"}],"wp:term":[{"taxonomy":"post_tag","embeddable":true,"href":"https:\/\/www.paulus.com.br\/assistencia-social\/wp-json\/wp\/v2\/tags?post=2675"}],"curies":[{"name":"wp","href":"https:\/\/api.w.org\/{rel}","templated":true}]}}