{"id":2641,"date":"2017-06-06T11:47:51","date_gmt":"2017-06-06T14:47:51","guid":{"rendered":"http:\/\/www.paulus.com.br\/assistencia-social\/?post_type=noticias&#038;p=2641"},"modified":"2022-10-19T16:17:50","modified_gmt":"2022-10-19T19:17:50","slug":"paulus-realiza-curso-focando-na-xi-conferencia-nacional-de-assistencia-social","status":"publish","type":"noticias","link":"https:\/\/www.paulus.com.br\/assistencia-social\/noticias\/paulus-realiza-curso-focando-na-xi-conferencia-nacional-de-assistencia-social\/","title":{"rendered":"PAULUS realiza curso focando na XI Confer\u00eancia Nacional de Assist\u00eancia Social"},"content":{"rendered":"<p>Buscando aprimorar trabalhadores, usu\u00e1rios e entidades para sua participa\u00e7\u00e3o na Confer\u00eancia de Assist\u00eancia Social 2017, a PAULUS realizou o Curso Pr\u00e9-Conferencial \u2013 CMAS. As forma\u00e7\u00f5es ocorreram no interior de S\u00e3o Paulo, nas cidades de Indaiatuba e Monte Mor, nos dias 01 e 02 de junho.<\/p>\n<p>A programa\u00e7\u00e3o dos encontros consiste em um breve hist\u00f3rico das Confer\u00eancias Nacionais e do SUAS, uma an\u00e1lise da tem\u00e1tica da confer\u00eancia deste ano, uma exposi\u00e7\u00e3o das etapas do processo das confer\u00eancias municipais, e os desdobramentos do processo conferencial.<\/p>\n<p>Fique atento \u00e0 nossa agenda. Ao longo do ano novos cursos pr\u00e9-conferenciais acontecer\u00e3o em todo o pa\u00eds.<\/p>\n","protected":false},"featured_media":6928,"template":"","tags":[],"class_list":["post-2641","noticias","type-noticias","status-publish","has-post-thumbnail","hentry"],"acf":[],"_links":{"self":[{"href":"https:\/\/www.paulus.com.br\/assistencia-social\/wp-json\/wp\/v2\/noticias\/2641","targetHints":{"allow":["GET"]}}],"collection":[{"href":"https:\/\/www.paulus.com.br\/assistencia-social\/wp-json\/wp\/v2\/noticias"}],"about":[{"href":"https:\/\/www.paulus.com.br\/assistencia-social\/wp-json\/wp\/v2\/types\/noticias"}],"wp:featuredmedia":[{"embeddable":true,"href":"https:\/\/www.paulus.com.br\/assistencia-social\/wp-json\/wp\/v2\/media\/6928"}],"wp:attachment":[{"href":"https:\/\/www.paulus.com.br\/assistencia-social\/wp-json\/wp\/v2\/media?parent=2641"}],"wp:term":[{"taxonomy":"post_tag","embeddable":true,"href":"https:\/\/www.paulus.com.br\/assistencia-social\/wp-json\/wp\/v2\/tags?post=2641"}],"curies":[{"name":"wp","href":"https:\/\/api.w.org\/{rel}","templated":true}]}}