{"id":2624,"date":"2017-05-29T13:31:36","date_gmt":"2017-05-29T16:31:36","guid":{"rendered":"http:\/\/www.paulus.com.br\/assistencia-social\/?post_type=noticias&#038;p=2624"},"modified":"2022-10-19T16:23:56","modified_gmt":"2022-10-19T19:23:56","slug":"paulus-realiza-curso-de-extensao-em-campinas","status":"publish","type":"noticias","link":"https:\/\/www.paulus.com.br\/assistencia-social\/noticias\/paulus-realiza-curso-de-extensao-em-campinas\/","title":{"rendered":"PAULUS realiza Curso de Extens\u00e3o em Campinas"},"content":{"rendered":"<p>Na \u00faltima quinta-feira, dia 25 de maio, Campinas recebeu a primeira aula do Curso de Extens\u00e3o Comunit\u00e1ria \u201cA inclus\u00e3o da pessoa com defici\u00eancia e assist\u00eancia social: estrat\u00e9gias inovadoras para consolida\u00e7\u00e3o de um novo paradigma de atendimento, assessoramento e defesa de direitos no \u00e2mbito do SUAS\u201d. A forma\u00e7\u00e3o continua at\u00e9 o in\u00edcio de julho, garantindo assim um aprofundamento cuidadoso ao tema abordado.<\/p>\n<p>Ministrado por Carlos Eduardo Ferrari, ex-presidente do Conselho Nacional de Assist\u00eancia Social e formador de longa data do N\u00facleo PAULUS, o curso busca preparar profissionais da habilita\u00e7\u00e3o e reabilita\u00e7\u00e3o da pessoa com defici\u00eancia, lideran\u00e7as de entidades e movimentos de luta e militantes da Assist\u00eancia Social para propor e implementar a\u00e7\u00f5es voltadas \u00e0 inclus\u00e3o das pessoas com defici\u00eancia com base em conhecimentos e pr\u00e1ticas resultantes do reordenamento da Pol\u00edtica P\u00fablica de Assist\u00eancia Social.<br \/>\nRealizado em parceria com a Secretaria de Assist\u00eancia Social e Seguran\u00e7a Alimentar de Campinas e a Secretaria Municipal dos Direitos da Pessoa com Defici\u00eancia e Cidadania, o curso consiste em 60h de atividades divididas em cinco dias. Este \u00e9 o segundo Curso de Extens\u00e3o Comunit\u00e1ria realizado fora da cidade de S\u00e3o Paulo.<\/p>\n","protected":false},"featured_media":6930,"template":"","tags":[],"class_list":["post-2624","noticias","type-noticias","status-publish","has-post-thumbnail","hentry"],"acf":[],"_links":{"self":[{"href":"https:\/\/www.paulus.com.br\/assistencia-social\/wp-json\/wp\/v2\/noticias\/2624","targetHints":{"allow":["GET"]}}],"collection":[{"href":"https:\/\/www.paulus.com.br\/assistencia-social\/wp-json\/wp\/v2\/noticias"}],"about":[{"href":"https:\/\/www.paulus.com.br\/assistencia-social\/wp-json\/wp\/v2\/types\/noticias"}],"wp:featuredmedia":[{"embeddable":true,"href":"https:\/\/www.paulus.com.br\/assistencia-social\/wp-json\/wp\/v2\/media\/6930"}],"wp:attachment":[{"href":"https:\/\/www.paulus.com.br\/assistencia-social\/wp-json\/wp\/v2\/media?parent=2624"}],"wp:term":[{"taxonomy":"post_tag","embeddable":true,"href":"https:\/\/www.paulus.com.br\/assistencia-social\/wp-json\/wp\/v2\/tags?post=2624"}],"curies":[{"name":"wp","href":"https:\/\/api.w.org\/{rel}","templated":true}]}}