{"id":2619,"date":"2017-05-24T11:38:48","date_gmt":"2017-05-24T14:38:48","guid":{"rendered":"http:\/\/www.paulus.com.br\/assistencia-social\/?post_type=noticias&#038;p=2619"},"modified":"2022-10-19T16:27:37","modified_gmt":"2022-10-19T19:27:37","slug":"servicos-de-convivencia-da-paulus-fundam-grupo-de-estudos","status":"publish","type":"noticias","link":"https:\/\/www.paulus.com.br\/assistencia-social\/noticias\/servicos-de-convivencia-da-paulus-fundam-grupo-de-estudos\/","title":{"rendered":"Servi\u00e7os de Conviv\u00eancia da PAULUS cria Grupo de Estudos"},"content":{"rendered":"<p>Logo ap\u00f3s o in\u00edcio das atividades de Atendimento do ano de 2017, os tr\u00eas Servi\u00e7os de Conviv\u00eancia e Fortalecimento de V\u00ednculos da PAULUS \u2013 CCA Formando Cidad\u00e3o, CCA de Olho no Futuro e CCA PAULUS \u2013 se engajaram na cria\u00e7\u00e3o de um Grupo de Estudos e Pesquisa sobre Conviv\u00eancia e V\u00ednculos.<\/p>\n<p>Com a primeira reuni\u00e3o ocorrida em abril, o grupo de estudos busca proporcionar aos colaboradores dos tr\u00eas SCFV acesso a conte\u00fados referentes aos temas ligados direta ou indiretamente\u00a0 ao Servi\u00e7o de Conviv\u00eancia e Fortalecimento de V\u00ednculo. Assim, busca garantir que os conhecimentos te\u00f3ricos e pr\u00e1ticos adquiridos tenham efeito nos grupos de fam\u00edlias e seus membros, acrescentando novas perspectivas sobre o fortalecimento de v\u00ednculos.<\/p>\n<p>O conte\u00fado foi formulado a partir das demandas recorrentes nas unidades de atendimento. Composto pelos supervisores e orientadores sociais de cada CCA, o produto do grupo de estudos ser\u00e1 multiplicado com cada equipe no decorrer do ano de 2017, promovendo assim a capacita\u00e7\u00e3o das suas equipes.<\/p>\n","protected":false},"featured_media":6932,"template":"","tags":[],"class_list":["post-2619","noticias","type-noticias","status-publish","has-post-thumbnail","hentry"],"acf":[],"_links":{"self":[{"href":"https:\/\/www.paulus.com.br\/assistencia-social\/wp-json\/wp\/v2\/noticias\/2619","targetHints":{"allow":["GET"]}}],"collection":[{"href":"https:\/\/www.paulus.com.br\/assistencia-social\/wp-json\/wp\/v2\/noticias"}],"about":[{"href":"https:\/\/www.paulus.com.br\/assistencia-social\/wp-json\/wp\/v2\/types\/noticias"}],"wp:featuredmedia":[{"embeddable":true,"href":"https:\/\/www.paulus.com.br\/assistencia-social\/wp-json\/wp\/v2\/media\/6932"}],"wp:attachment":[{"href":"https:\/\/www.paulus.com.br\/assistencia-social\/wp-json\/wp\/v2\/media?parent=2619"}],"wp:term":[{"taxonomy":"post_tag","embeddable":true,"href":"https:\/\/www.paulus.com.br\/assistencia-social\/wp-json\/wp\/v2\/tags?post=2619"}],"curies":[{"name":"wp","href":"https:\/\/api.w.org\/{rel}","templated":true}]}}