{"id":2618,"date":"2017-05-22T14:04:16","date_gmt":"2017-05-22T17:04:16","guid":{"rendered":"http:\/\/www.paulus.com.br\/assistencia-social\/?post_type=noticias&#038;p=2618"},"modified":"2022-10-19T16:37:07","modified_gmt":"2022-10-19T19:37:07","slug":"formacao-sobre-marco-regulatorio-das-organizacoes-da-sociedade-civil-acontece-no-rio-grande-do-sul","status":"publish","type":"noticias","link":"https:\/\/www.paulus.com.br\/assistencia-social\/noticias\/formacao-sobre-marco-regulatorio-das-organizacoes-da-sociedade-civil-acontece-no-rio-grande-do-sul\/","title":{"rendered":"Forma\u00e7\u00e3o sobre Marco Regulat\u00f3rio das Organiza\u00e7\u00f5es da Sociedade Civil acontece no Rio Grande do Sul"},"content":{"rendered":"<p>Acontece nesta segunda-feira, dia 22 de maio, no munic\u00edpio de Canoas\/RS, a forma\u00e7\u00e3o \u201cNovo Regime Jur\u00eddico das Parcerias entre a Administra\u00e7\u00e3o P\u00fablica e as Organiza\u00e7\u00f5es da Sociedade Civil \u2013 Lei n.\u00ba 13.019\/2014\u201d. O evento, que faz parte das a\u00e7\u00f5es do Projeto Gest\u00e3o do Cotidiano, busca propiciar conhecimento sobre a legisla\u00e7\u00e3o que rege as parcerias entre a Administra\u00e7\u00e3o P\u00fablica e as Organiza\u00e7\u00f5es da Sociedade Civil, abrangendo todas as etapas no novo regime jur\u00eddico \u2013 planejamento, sele\u00e7\u00e3o, celebra\u00e7\u00e3o, execu\u00e7\u00e3o, monitoramento, avalia\u00e7\u00e3o e presta\u00e7\u00e3o de contas \u2013 de forma a contribuir para a sua aplicabilidade.<\/p>\n<p>Ministrada pela advogada tributarista Rozangela Borota Teixeira, a forma\u00e7\u00e3o profissional tem como p\u00fablico-alvo t\u00e9cnicos e profissionais de entidades socioassistenciais da rede privada da Pol\u00edtica de Assist\u00eancia Social, bem como agentes p\u00fablicos interessados. A programa\u00e7\u00e3o conta com 16 horas de atividades, estendendo-se at\u00e9 dia 23 de maio.<\/p>\n","protected":false},"featured_media":6935,"template":"","tags":[],"class_list":["post-2618","noticias","type-noticias","status-publish","has-post-thumbnail","hentry"],"acf":[],"_links":{"self":[{"href":"https:\/\/www.paulus.com.br\/assistencia-social\/wp-json\/wp\/v2\/noticias\/2618","targetHints":{"allow":["GET"]}}],"collection":[{"href":"https:\/\/www.paulus.com.br\/assistencia-social\/wp-json\/wp\/v2\/noticias"}],"about":[{"href":"https:\/\/www.paulus.com.br\/assistencia-social\/wp-json\/wp\/v2\/types\/noticias"}],"wp:featuredmedia":[{"embeddable":true,"href":"https:\/\/www.paulus.com.br\/assistencia-social\/wp-json\/wp\/v2\/media\/6935"}],"wp:attachment":[{"href":"https:\/\/www.paulus.com.br\/assistencia-social\/wp-json\/wp\/v2\/media?parent=2618"}],"wp:term":[{"taxonomy":"post_tag","embeddable":true,"href":"https:\/\/www.paulus.com.br\/assistencia-social\/wp-json\/wp\/v2\/tags?post=2618"}],"curies":[{"name":"wp","href":"https:\/\/api.w.org\/{rel}","templated":true}]}}