{"id":2601,"date":"2017-05-19T16:47:49","date_gmt":"2017-05-19T19:47:49","guid":{"rendered":"http:\/\/www.paulus.com.br\/assistencia-social\/?post_type=noticias&#038;p=2601"},"modified":"2022-10-19T16:44:54","modified_gmt":"2022-10-19T19:44:54","slug":"projeto-gestao-do-cotidiano-realiza-formacao-em-brasilia","status":"publish","type":"noticias","link":"https:\/\/www.paulus.com.br\/assistencia-social\/noticias\/projeto-gestao-do-cotidiano-realiza-formacao-em-brasilia\/","title":{"rendered":"Projeto Gest\u00e3o do Cotidiano realiza forma\u00e7\u00e3o em Bras\u00edlia"},"content":{"rendered":"<p>No in\u00edcio desta semana, nos dias 15 e 16 de Maio, Bras\u00edlia\/DF recebeu o curso de Elabora\u00e7\u00e3o de Projetos Sociais e Capta\u00e7\u00e3o de Recursos. O evento, que consolidou a parceria do N\u00facleo PAULUS de Forma\u00e7\u00e3o, Pesquisa e Dissemina\u00e7\u00e3o Social com o Conselho Regional de Psicologia do Distrito Federal, aconteceu no audit\u00f3rio do CRP-01\/DF e contou com a presen\u00e7a de 40 participantes, mobilizados de diversas institui\u00e7\u00f5es de Assist\u00eancia Social da regi\u00e3o.<\/p>\n<p>Com uma exposi\u00e7\u00e3o din\u00e2mica, a formadora do N\u00facleo PAULUS Sheila Ceccon guiou o evento de forma colaborativa e participativa, orientando atividades que propunham a produ\u00e7\u00e3o de um Projeto para capta\u00e7\u00e3o de recursos j\u00e1 durante a forma\u00e7\u00e3o. Assim, o encontro proporcionou um contato mais direto com o conte\u00fado proposto, possibilitando uma assimila\u00e7\u00e3o aprofundada da tem\u00e1tica.<\/p>\n<p>Na ocasi\u00e3o, que contou com a presen\u00e7a do Conselheiro Tesoureiro do CRP-01\/DF Leovane Greg\u00f3rio, o p\u00fablico teve a oportunidade de conhecer todos os Programas e Projetos oferecidos pelo N\u00facleo PAULUS. Foi tamb\u00e9m encaminhada uma forma\u00e7\u00e3o do Programa Direito e Cidadania para Bras\u00edlia, prevista para os dias 20 e 21 de Junho.<\/p>\n","protected":false},"featured_media":6938,"template":"","tags":[],"class_list":["post-2601","noticias","type-noticias","status-publish","has-post-thumbnail","hentry"],"acf":[],"_links":{"self":[{"href":"https:\/\/www.paulus.com.br\/assistencia-social\/wp-json\/wp\/v2\/noticias\/2601","targetHints":{"allow":["GET"]}}],"collection":[{"href":"https:\/\/www.paulus.com.br\/assistencia-social\/wp-json\/wp\/v2\/noticias"}],"about":[{"href":"https:\/\/www.paulus.com.br\/assistencia-social\/wp-json\/wp\/v2\/types\/noticias"}],"wp:featuredmedia":[{"embeddable":true,"href":"https:\/\/www.paulus.com.br\/assistencia-social\/wp-json\/wp\/v2\/media\/6938"}],"wp:attachment":[{"href":"https:\/\/www.paulus.com.br\/assistencia-social\/wp-json\/wp\/v2\/media?parent=2601"}],"wp:term":[{"taxonomy":"post_tag","embeddable":true,"href":"https:\/\/www.paulus.com.br\/assistencia-social\/wp-json\/wp\/v2\/tags?post=2601"}],"curies":[{"name":"wp","href":"https:\/\/api.w.org\/{rel}","templated":true}]}}