{"id":2589,"date":"2017-05-15T13:15:08","date_gmt":"2017-05-15T16:15:08","guid":{"rendered":"http:\/\/www.paulus.com.br\/assistencia-social\/?post_type=noticias&#038;p=2589"},"modified":"2022-10-19T16:47:56","modified_gmt":"2022-10-19T19:47:56","slug":"aula-magna-acontece-na-fapcom","status":"publish","type":"noticias","link":"https:\/\/www.paulus.com.br\/assistencia-social\/noticias\/aula-magna-acontece-na-fapcom\/","title":{"rendered":"Aula Magna acontece na FAPCOM"},"content":{"rendered":"<p>Aconteceu na \u00faltima sexta feira, dia 12 de Maio, a Aula Magna do curso de Especializa\u00e7\u00e3o em Gest\u00e3o e Servi\u00e7os do SUAS.<\/p>\n<p>O evento, ministrado pelo Prof. Dr. Edval Bernardino de Campos, marcou o in\u00edcio do segundo m\u00f3dulo da P\u00f3s gradua\u00e7\u00e3o lato sensu, que acontece na Faculdade PAULUS de Tecnologia e Comunica\u00e7\u00e3o.<\/p>\n<p>Com um discurso rico, o Prof. Dr. fez uma an\u00e1lise hist\u00f3rica de diversos paradigmas de a\u00e7\u00e3o &#8211; como caridade e assistencialismo &#8211; que precederam o atual momento de atua\u00e7\u00e3o da Assist\u00eancia Social no pa\u00eds.<\/p>\n<p>A aula prosseguiu com uma observa\u00e7\u00e3o cr\u00edtica do corrente panorama assistencial, propondo novas perspectivas para a produ\u00e7\u00e3o de pesquisas acad\u00eamicas na \u00e1rea da Assist\u00eancia Social.<\/p>\n<p>Na situa\u00e7\u00e3o, foi anunciado que a sele\u00e7\u00e3o para a segunda turma do curso de Especializa\u00e7\u00e3o ter\u00e1 in\u00edcio no segundo semestre deste ano.<\/p>\n<p><img loading=\"lazy\" decoding=\"async\" class=\"wp-image-2590 size-full\" style=\"color: initial; font-family: -apple-system, BlinkMacSystemFont, 'Segoe UI', Roboto, Oxygen-Sans, Ubuntu, Cantarell, 'Helvetica Neue', sans-serif;\" src=\"http:\/\/www.paulus.com.br\/assistencia-social\/wp-content\/uploads\/2017\/05\/aula-magna1.jpg\" alt=\"\" width=\"800\" height=\"533\" srcset=\"https:\/\/www.paulus.com.br\/assistencia-social\/wp-content\/uploads\/2017\/05\/aula-magna1.jpg 800w, https:\/\/www.paulus.com.br\/assistencia-social\/wp-content\/uploads\/2017\/05\/aula-magna1-300x200.jpg 300w, https:\/\/www.paulus.com.br\/assistencia-social\/wp-content\/uploads\/2017\/05\/aula-magna1-768x512.jpg 768w\" sizes=\"auto, (max-width: 800px) 100vw, 800px\" \/><\/p>\n<p>Prof. Dr. Edval Bernardino de Campos<\/p>\n","protected":false},"featured_media":6940,"template":"","tags":[],"class_list":["post-2589","noticias","type-noticias","status-publish","has-post-thumbnail","hentry"],"acf":[],"_links":{"self":[{"href":"https:\/\/www.paulus.com.br\/assistencia-social\/wp-json\/wp\/v2\/noticias\/2589","targetHints":{"allow":["GET"]}}],"collection":[{"href":"https:\/\/www.paulus.com.br\/assistencia-social\/wp-json\/wp\/v2\/noticias"}],"about":[{"href":"https:\/\/www.paulus.com.br\/assistencia-social\/wp-json\/wp\/v2\/types\/noticias"}],"wp:featuredmedia":[{"embeddable":true,"href":"https:\/\/www.paulus.com.br\/assistencia-social\/wp-json\/wp\/v2\/media\/6940"}],"wp:attachment":[{"href":"https:\/\/www.paulus.com.br\/assistencia-social\/wp-json\/wp\/v2\/media?parent=2589"}],"wp:term":[{"taxonomy":"post_tag","embeddable":true,"href":"https:\/\/www.paulus.com.br\/assistencia-social\/wp-json\/wp\/v2\/tags?post=2589"}],"curies":[{"name":"wp","href":"https:\/\/api.w.org\/{rel}","templated":true}]}}