{"id":2444,"date":"2017-03-22T15:31:50","date_gmt":"2017-03-22T18:31:50","guid":{"rendered":"http:\/\/www.paulus.com.br\/assistencia-social\/?post_type=noticias&#038;p=2444"},"modified":"2022-10-19T16:53:35","modified_gmt":"2022-10-19T19:53:35","slug":"centro-de-atendimento-a-crianca-e-ao-adolescente-paulus-recebe-encontro-de-direitos-humanos","status":"publish","type":"noticias","link":"https:\/\/www.paulus.com.br\/assistencia-social\/noticias\/centro-de-atendimento-a-crianca-e-ao-adolescente-paulus-recebe-encontro-de-direitos-humanos\/","title":{"rendered":"Centro de Atendimento \u00e0 Crian\u00e7a e ao Adolescente PAULUS recebe encontro de Direitos Humanos"},"content":{"rendered":"<p>Na \u00faltima sexta-feira, dia 18 de mar\u00e7o, o CCA PAULUS recepcionou o 1\u00baEncontro de Adolescentes do F\u00f3rum Regional dos Direitos Humanos da Crian\u00e7a e do Adolescente&nbsp;&#8211; Freguesia do \u00d3\/Brasil\u00e2ndia. O evento, voltado aos adolescentes dos Centros de Atendimento \u00e0 Crian\u00e7a e ao Adolescente da regi\u00e3o, teve o objetivo de promover e garantir o acesso aos direitos b\u00e1sicos, o protagonismo e, em espec\u00edfico, prepar\u00e1-los para a Confer\u00eancia L\u00fadica, Regional, Municipal Estadual e Federal de 2017.<\/p>\n<p>Estiveram presentes mais de quarenta pessoas: adolescentes, pais, educadores e organizadores do F\u00f3rum. Ap\u00f3s o momento de acolhida e uma din\u00e2mica de apresenta\u00e7\u00e3o, os participantes se dividiram em 8 grupos para discutir situa\u00e7\u00f5es do cotidiano em que os adolescentes devem se posicionar, dizendo sim ou n\u00e3o, como em tarefas de casa, escolares, no conv\u00edvio com os colegas e em sociedade. Essa discuss\u00e3o foi norteada por perguntas e orientada por um adulto em cada grupo. Ao final da discuss\u00e3o, em plen\u00e1ria, cada grupo exp\u00f4s o que o havia discutido e a qual conclus\u00e3o chegou.<\/p>\n<p>Foi apresentada uma dramatiza\u00e7\u00e3o da f\u00e1bula da lebre e da tartaruga, onde todos puderam compartilhar o que apreenderam com a hist\u00f3ria. Para concluir e avaliar o evento, cada adolescente escreveu, em cartazes, como haviam chegado ao local, o que sugeriam para a pr\u00f3xima situa\u00e7\u00e3o e como estavam saindo do Encontro.<\/p>\n<p>Os adolescentes partiram com a miss\u00e3o de representar todas as crian\u00e7as e adolescentes da regi\u00e3o da Freguesia do \u00d3 e Brasil\u00e2ndia nas Confer\u00eancias, levando propostas de melhoria nas \u00e1reas da Assist\u00eancia Social, Sa\u00fade, Educa\u00e7\u00e3o, Esporte e Lazer.<\/p>\n","protected":false},"featured_media":6942,"template":"","tags":[],"class_list":["post-2444","noticias","type-noticias","status-publish","has-post-thumbnail","hentry"],"acf":[],"_links":{"self":[{"href":"https:\/\/www.paulus.com.br\/assistencia-social\/wp-json\/wp\/v2\/noticias\/2444","targetHints":{"allow":["GET"]}}],"collection":[{"href":"https:\/\/www.paulus.com.br\/assistencia-social\/wp-json\/wp\/v2\/noticias"}],"about":[{"href":"https:\/\/www.paulus.com.br\/assistencia-social\/wp-json\/wp\/v2\/types\/noticias"}],"wp:featuredmedia":[{"embeddable":true,"href":"https:\/\/www.paulus.com.br\/assistencia-social\/wp-json\/wp\/v2\/media\/6942"}],"wp:attachment":[{"href":"https:\/\/www.paulus.com.br\/assistencia-social\/wp-json\/wp\/v2\/media?parent=2444"}],"wp:term":[{"taxonomy":"post_tag","embeddable":true,"href":"https:\/\/www.paulus.com.br\/assistencia-social\/wp-json\/wp\/v2\/tags?post=2444"}],"curies":[{"name":"wp","href":"https:\/\/api.w.org\/{rel}","templated":true}]}}