{"id":2431,"date":"2017-03-10T13:09:46","date_gmt":"2017-03-10T16:09:46","guid":{"rendered":"http:\/\/www.paulus.com.br\/assistencia-social\/?post_type=noticias&#038;p=2431"},"modified":"2022-10-19T17:00:51","modified_gmt":"2022-10-19T20:00:51","slug":"encontro-com-familias-no-cca-formando-cidadaos-cafe-com-vivencia","status":"publish","type":"noticias","link":"https:\/\/www.paulus.com.br\/assistencia-social\/noticias\/encontro-com-familias-no-cca-formando-cidadaos-cafe-com-vivencia\/","title":{"rendered":"Encontro com fam\u00edlias no CCA Formando Cidad\u00e3os \u2013 Caf\u00e9 Com Viv\u00eancia"},"content":{"rendered":"<p>Na quarta-feira, dia 08 de mar\u00e7o, foi realizada no Centro de Atendimento \u00e0 Crian\u00e7a e ao Adolescente Formando Cidad\u00e3os a primeira edi\u00e7\u00e3o do \u201cCaf\u00e9 Com Viv\u00eancia\u201d, um encontro com fam\u00edlias para a discuss\u00e3o de assuntos diversos, relacionados ao Servi\u00e7o de Conviv\u00eancia e Fortalecimento de V\u00ednculos. Todas as fam\u00edlias participantes do servi\u00e7o foram convidadas e, no dia, estiveram presentes oito m\u00e3es e av\u00f3 de crian\u00e7as e adolescentes que frequentam o CCA.<\/p>\n<p>O encontro teve in\u00edcio com uma breve apresenta\u00e7\u00e3o dos respons\u00e1veis, h\u00e1 quanto tempo frequentam o Formando Cidad\u00e3os e qual era a import\u00e2ncia do servi\u00e7o para a comunidade. Houve muitas falas de elogio ao CCA, demonstrando sua import\u00e2ncia para as crian\u00e7as, adolescentes e fam\u00edlias com as atividades, conversas e eventos. Durante a conversa, alguns assuntos foram levantados e discutidos, como o uso da tecnologia pelos jovens, limites e quest\u00f5es psicol\u00f3gicas. Algumas das participantes ajudaram outras, dando indica\u00e7\u00f5es de hospitais para atendimentos e exemplos de como lidam com diversas situa\u00e7\u00f5es. Foi apresentado o v\u00eddeo que as crian\u00e7as do Formando Cidad\u00e3os gravaram no segundo semestre de 2016 <em>(<a href=\"http:\/\/www.paulus.com.br\/assistencia-social\/noticias\/videos-dos-ccas-paulus\/#.WMLQjRIrLok\">clique aqui<\/a>)<\/em>, da m\u00fasica \u201cUm S\u00f3 Cora\u00e7\u00e3o\u201d, para que eles pudessem conhecer um pouco melhor sobre as atividades.<\/p>\n<p>Depois dessa conversa foi feita a leitura do livro \u201cNa Minha Casa \u00c9 Assim\u201d, do autor Claudiano Avelino dos Santos, que j\u00e1 foi utilizado em atividades com o p\u00fablico atendido. A leitura deu lugar a uma conversa sobre fam\u00edlias, suas diferentes configura\u00e7\u00f5es, as situa\u00e7\u00f5es dif\u00edceis que enfrentam, e as mudan\u00e7as entre o contexto familiar de gera\u00e7\u00f5es passadas e a din\u00e2mica atual. Foi uma conversa muito produtiva, com a participa\u00e7\u00e3o de todos os presentes com exemplos, d\u00favidas, sugest\u00f5es e muitas reflex\u00f5es.<\/p>\n<p>Por fim foram passadas algumas informa\u00e7\u00f5es t\u00e9cnicas sobre o CCA, como hor\u00e1rios de entrada e sa\u00edda, a participa\u00e7\u00e3o e o que \u00e9 esperado das crian\u00e7as, adolescentes e fam\u00edlias, a import\u00e2ncia de todos se envolverem com o servi\u00e7o e foi feita a leitura e explica\u00e7\u00e3o da descri\u00e7\u00e3o geral do Servi\u00e7o de Conviv\u00eancia e Fortalecimento de V\u00ednculos, retirada da tipifica\u00e7\u00e3o. Foi uma \u00f3tima oportunidade para esclarecer o que \u00e9 feito no Formando Cidad\u00e3os: os objetivos do trabalho e como ele \u00e9 conduzido, bem como alguns termos: como orientador e n\u00e3o professor.<\/p>\n<p>As pessoas presentes agradeceram pela oportunidade e pelo trabalho ali feito. Deram exemplos de como contribu\u00edmos com as atividades, conversas e viv\u00eancias. Tamb\u00e9m confirmaram o interesse em participar novamente. Foram anotados alguns temas para serem trazidos em pr\u00f3ximos encontros e as expectativas subiram bastante para que as pr\u00f3ximas edi\u00e7\u00f5es do \u201cCaf\u00e9 Com Viv\u00eancia\u201d sejam ainda melhores do que essa.<\/p>\n","protected":false},"featured_media":6945,"template":"","tags":[],"class_list":["post-2431","noticias","type-noticias","status-publish","has-post-thumbnail","hentry"],"acf":[],"_links":{"self":[{"href":"https:\/\/www.paulus.com.br\/assistencia-social\/wp-json\/wp\/v2\/noticias\/2431","targetHints":{"allow":["GET"]}}],"collection":[{"href":"https:\/\/www.paulus.com.br\/assistencia-social\/wp-json\/wp\/v2\/noticias"}],"about":[{"href":"https:\/\/www.paulus.com.br\/assistencia-social\/wp-json\/wp\/v2\/types\/noticias"}],"wp:featuredmedia":[{"embeddable":true,"href":"https:\/\/www.paulus.com.br\/assistencia-social\/wp-json\/wp\/v2\/media\/6945"}],"wp:attachment":[{"href":"https:\/\/www.paulus.com.br\/assistencia-social\/wp-json\/wp\/v2\/media?parent=2431"}],"wp:term":[{"taxonomy":"post_tag","embeddable":true,"href":"https:\/\/www.paulus.com.br\/assistencia-social\/wp-json\/wp\/v2\/tags?post=2431"}],"curies":[{"name":"wp","href":"https:\/\/api.w.org\/{rel}","templated":true}]}}