{"id":2405,"date":"2017-02-23T17:46:11","date_gmt":"2017-02-23T20:46:11","guid":{"rendered":"http:\/\/www.paulus.com.br\/assistencia-social\/?post_type=noticias&#038;p=2405"},"modified":"2022-10-21T15:24:12","modified_gmt":"2022-10-21T18:24:12","slug":"pos-graduacao-em-gestao-e-servicos-do-suas","status":"publish","type":"noticias","link":"https:\/\/www.paulus.com.br\/assistencia-social\/noticias\/pos-graduacao-em-gestao-e-servicos-do-suas\/","title":{"rendered":"P\u00f3s-Gradua\u00e7\u00e3o em Gest\u00e3o e Servi\u00e7os do SUAS"},"content":{"rendered":"<div class=\"text\"><\/div>\n<div class=\"moreText\">A P\u00f3s-Gradua\u00e7\u00e3o em Gest\u00e3o e Servi\u00e7os do SUAS reiniciou suas aulas na \u00faltima segunda-feira, dia 20 de fevereiro.<\/div>\n<div class=\"moreText\"><\/div>\n<div class=\"moreText\">Saiba um pouco mais sobre a primeira turma do curso.<\/div>\n<div class=\"moreText\"><\/div>\n<div class=\"moreText\"><a href=\"https:\/\/www.youtube.com\/watch?feature=youtu.be&amp;v=t5-RiTGdlfI\">Clique aqui<\/a> para assistir o v\u00eddeo.<\/div>\n","protected":false},"featured_media":6955,"template":"","tags":[],"class_list":["post-2405","noticias","type-noticias","status-publish","has-post-thumbnail","hentry"],"acf":[],"_links":{"self":[{"href":"https:\/\/www.paulus.com.br\/assistencia-social\/wp-json\/wp\/v2\/noticias\/2405","targetHints":{"allow":["GET"]}}],"collection":[{"href":"https:\/\/www.paulus.com.br\/assistencia-social\/wp-json\/wp\/v2\/noticias"}],"about":[{"href":"https:\/\/www.paulus.com.br\/assistencia-social\/wp-json\/wp\/v2\/types\/noticias"}],"wp:featuredmedia":[{"embeddable":true,"href":"https:\/\/www.paulus.com.br\/assistencia-social\/wp-json\/wp\/v2\/media\/6955"}],"wp:attachment":[{"href":"https:\/\/www.paulus.com.br\/assistencia-social\/wp-json\/wp\/v2\/media?parent=2405"}],"wp:term":[{"taxonomy":"post_tag","embeddable":true,"href":"https:\/\/www.paulus.com.br\/assistencia-social\/wp-json\/wp\/v2\/tags?post=2405"}],"curies":[{"name":"wp","href":"https:\/\/api.w.org\/{rel}","templated":true}]}}