{"id":2374,"date":"2017-02-08T13:56:53","date_gmt":"2017-02-08T15:56:53","guid":{"rendered":"http:\/\/www.paulus.com.br\/assistencia-social\/?post_type=noticias&#038;p=2374"},"modified":"2022-10-21T16:53:04","modified_gmt":"2022-10-21T19:53:04","slug":"cca-de-olho-no-futuro-realiza-cortejo-de-encerramento-de-2016","status":"publish","type":"noticias","link":"https:\/\/www.paulus.com.br\/assistencia-social\/noticias\/cca-de-olho-no-futuro-realiza-cortejo-de-encerramento-de-2016\/","title":{"rendered":"CCA De Olho no Futuro realiza Cortejo de Encerramento de 2016"},"content":{"rendered":"<p>Quem leu sobre nosso \u00faltimo cortejo pode se lembrar da \u00faltima frase do texto<a href=\"#_ftn1\" name=\"_ftnref1\">[1]<\/a>: \u201calgumas crian\u00e7as levaram suas maquetes para o cortejo e, simbolicamente, representaram o que esperamos efetivar: caminhar com a comunidade.\u201d Pois bem, essa frase n\u00e3o representa um mero aforismo, esse objetivo nunca ser\u00e1 uma simples vontade, ele \u00e9 um dos nossos principais geradores de energia. Ent\u00e3o, se voc\u00ea tem f\u00e9 \u2013 e n\u00e3o estamos falando de Deus, embora possa ser Ele \u2013 percorra seus olhos por esse texto cheio de sentidos (com toda ambiguidade da palavra) para compartilharmos sensa\u00e7\u00f5es e dire\u00e7\u00f5es.<\/p>\n<p>N\u00f3s, humanos, somos seres simb\u00f3licos, ritual\u00edsticos, precisamos registrar os momentos de passagens, de mudan\u00e7as. Por isso, encerrar um ciclo n\u00e3o se d\u00e1 de modo corriqueiro, usual, sentimos a necessidade de marcar a transi\u00e7\u00e3o com algo que possa ser memor\u00e1vel. No caso da passagem de um ano ao outro, o ritual \u00e9 duplamente significativo porque h\u00e1 o olhar lan\u00e7ado ao futuro e h\u00e1 o olhar que se volta para o passado. Busca-se um equil\u00edbrio entre o que nos constituiu no ano que se vai e o que pode nos constituir no ano que se nos apresenta como novo. Considerando essa realidade, nosso \u00faltimo dia de atividades com as crian\u00e7as e os adolescentes foi marcado por outro cortejo, mas para melhor compreend\u00ea-lo \u00e9 necess\u00e1rio que lancemos um olhar para um passado recente.<\/p>\n<p>Em meados de agosto, por ocasi\u00e3o da chegada de uma nova orientadora no Projeto, o coordenador, F\u00e1bio, lan\u00e7ou um desafio para toda a equipe, desafio esse que objetivava provocar reflex\u00f5es e, concomitantemente, ser um modo de dar as boas-vindas \u00e0 nova colega de trabalho. E cabia a ela dar uma resposta inicial ao desafio. A proposta era fixar \u00e0 concertina que circunda os limites privados do Projeto algo que pudesse despertar um novo olhar sobre aquilo e, principalmente, aqueles que nos cercam. A ideia era que a nova orientadora iniciasse a interven\u00e7\u00e3o e que os demais fossem desenvolvendo suas pr\u00f3prias interven\u00e7\u00f5es at\u00e9 que a concertina fosse ressignificada.<\/p>\n<p>Antes de continuarmos, vale um par\u00eantese: \u00e9 de compreens\u00e3o da equipe a necessidade da presen\u00e7a da concertina e do sistema de vigil\u00e2ncia em geral. Eles est\u00e3o presentes no local por raz\u00f5es pr\u00e1ticas e fundamentais. No entanto, \u00e9 sempre f\u00e9rtil nos movimentarmos por espa\u00e7os que nos catapultam para al\u00e9m do senso comum, que inquietem nossa zona de desconforto e ampliem nossos horizontes de possibilidades.<\/p>\n<p>Voltando ao ponto anterior, a linguagem escolhida foi a palavra escrita, representada por uma etiqueta com a pergunta: Cerca, o que a cerca? Dos desdobramentos e reflex\u00f5es que a quest\u00e3o provocou, os preconceitos evidenciaram-se como uma das principais cercas que nos cercam.<\/p>\n<p>Valendo-nos de uma parte de nossa humanidade, nesse caso de nossa natureza simb\u00f3lica, n\u00f3s, do CCA De Olho no Futuro, escolhemos registrar a passagem do ciclo de 2016 para 2017 por meio de um cortejo no CEU das Artes, atendendo ao convite realizado pelo CRAS 1\u00b0 de maio (Centro de Refer\u00eancia da Assist\u00eancia Social), um de nossos parceiros, que faria um evento de finaliza\u00e7\u00e3o de suas atividades anuais. E a pergunta fixada na concertina batizou o cortejo.<\/p>\n<p>Assim, sob essa perspectiva, os orientadores conduziram com os atendidos a concep\u00e7\u00e3o do novo cortejo. De modo coletivo foram deliberados quais elementos comporiam a express\u00e3o simb\u00f3lica que marcaria o fim de nossas atividades do ano. Desse fazer junto, muitos foram os preconceitos citados que representam as cercas que cercam nosso conviver social, como o racial, o religioso, de orienta\u00e7\u00e3o sexual etc. Com isso, dividimos o cortejo em alas nas quais as crian\u00e7as e os adolescentes puderam representar as especificidades de cada uma. Foram elas: ala nordestina, representada pela capoeira e o frevo; ala da cerca, representada por bambol\u00eas unidos e com a palavra \u2018preconceito\u2019 em seus centros, e placas com a frase: o que \u00e9 a cerca para voc\u00ea?; ala transforma\u00e7\u00e3o, representada por fantasias com imagens de borboletas e flores para indicar a ideia de mudan\u00e7a de estado e desabrochar. Al\u00e9m dessas alas, o cortejo contou, claro, com a banda e com um novo estandarte. O que se expressa aqui \u00e9 o corpo do cortejo, o quanto todas as suas partes s\u00e3o essenciais, e que ele tem uma raz\u00e3o de ser que emerge do cotidiano, da conviv\u00eancia; que existe uma aten\u00e7\u00e3o presente para o sens\u00edvel, para o simples que surge do espont\u00e2neo. N\u00e3o \u00e9 f\u00e1cil, longe disso, todo esse processo \u00e9 bem trabalhoso, demanda energia, principalmente para quem tem que estimular a energia. Mas, ao mesmo tempo, apesar da aparente contradi\u00e7\u00e3o, pode-se pensar numa for\u00e7a natural, org\u00e2nica, \u00e9 como chover na terra, vai brotar alguma coisa ali. Atuar com crian\u00e7a e adolescente \u00e9 mais ou menos isso: chover na terra. O cortejo \u00e9 \u00e1rvore.<\/p>\n<p>Realizado em 16 de dezembro, o evento contou com a presen\u00e7a de familiares dos atendidos, de fam\u00edlias acompanhadas pelo CRAS 1\u00b0 de maio e crian\u00e7as atendidas pela Associa\u00e7\u00e3o Camila, mantenedora do CEU das Artes. Pela proximidade entre o Projeto e o CEU das Artes, local onde o CRAS est\u00e1 alocado, fomos a p\u00e9, despertando a curiosidade daqueles que nos observavam. Uma vez l\u00e1, enquanto aguard\u00e1vamos o in\u00edcio do evento, uma roda de capoeira se fez, algo fora do planejado, mas total e completamente dentro da espontaneidade do tempo. Depois, puxou-se a chegan\u00e7a<a href=\"#_ftn2\" name=\"_ftnref2\">[2]<\/a>, seguida de uma <em>performance<\/em> a qual consistia na cerca representada pelos bambol\u00eas com a palavra \u2018preconceito\u2019 e que foi rompida ao fim da declama\u00e7\u00e3o de uma poesia<a href=\"#_ftn3\" name=\"_ftnref3\">[3]<\/a> feita pelo orientador Rodrigo Cristalino. Na sequ\u00eancia foi tocado o samba do amor<a href=\"#_ftn4\" name=\"_ftnref4\">[4]<\/a>, se fez a roda dos companheiros<a href=\"#_ftn5\" name=\"_ftnref5\">[5]<\/a>&#8211; inspirada no canto entoado pelas mulheres em suas marchas de luta &#8211; e encerramos o primeiro momento do cortejo com um abra\u00e7o coletivo<a href=\"#_ftn6\" name=\"_ftnref6\">[6]<\/a>. No segundo momento, adentramos o teatro do CEU das Artes e tocamos as m\u00fasicas compostas pelas crian\u00e7as e adolescentes: o ijex\u00e1 da transcomunica\u00e7\u00e3o<a href=\"#_ftn7\" name=\"_ftnref7\">[7]<\/a> e o rap da transforma\u00e7\u00e3o<a href=\"#_ftn8\" name=\"_ftnref8\">[8]<\/a>. Ao final, F\u00e1bio, fez uma fala de apresenta\u00e7\u00e3o do Projeto e de agradecimento a todos os presentes. Para encerrar, recitou a poesia \u2018Jo\u00e3o, Rubi e Nato\u2019 de sua autoria em parceria com Robson Mariano<a href=\"#_ftn9\" name=\"_ftnref9\">[9]<\/a>.<\/p>\n<p>E foi assim que o CCA Projeto de Olho no Futuro se despediu de 2016 e abriu os bra\u00e7os para 2017: consciente de seus desafios, mas fazendo da cria\u00e7\u00e3o coletiva barco para navegar num mar profundo de riscos, novidades e belezas.<\/p>\n<p>&nbsp;<\/p>\n<p>&nbsp;<\/p>\n<h6><a href=\"#_ftnref1\" name=\"_ftn1\">[1]<\/a> http:\/\/www.paulus.com.br\/assistencia-social\/noticias\/evento-triplo-acontece-no-scfv-de-olho-no-futuro\/#.WI9nv1MrKM8<\/h6>\n<h6><a href=\"#_ftnref2\" name=\"_ftn2\">[2]<\/a> Cheguei meu povo \/ Cheguei pra alegrar \/ Sou eu baque do futuro \/ Vim aqui pra festejar<\/h6>\n<h6><a href=\"#_ftnref3\" name=\"_ftn3\">[3]<\/a> Cerca, o que a cerca? \/ O que cerca a cerca? \/ Cerca nossas diferen\u00e7as \/ Nossos ritmos e cren\u00e7as \/ Trocas de experi\u00eancias \/ Nos fechando a conviv\u00eancia.<\/h6>\n<h6><a href=\"#_ftnref4\" name=\"_ftn4\">[4]<\/a> Nosso maior tesouro \u00e9 o amor (2x) \/ F\u00e9 e esperan\u00e7a \/ Qualquer um \u00e9 capaz de conviver em paz \/ De conviver em paz \/ Uma pista leva \u00e0 outra pista \/ Algu\u00e9m arrisca a adivinha\u00e7\u00e3o \/ Com trabalho em equipe, honestidade e uni\u00e3o \/ Aqui tem ca\u00e7a ao tesouro \/ Brincadeira e divers\u00e3o.<\/h6>\n<h6><a href=\"#_ftnref5\" name=\"_ftn5\">[5]<\/a> Companheiros nos ajudem que n\u00e3o podemos andar s\u00f3 \/ Sozinhos andamos bem \/ Mas com voc\u00eas ser\u00e1 melhor.<\/h6>\n<h6><a href=\"#_ftnref6\" name=\"_ftn6\">[6]<\/a> Um abra\u00e7o dado de bom cora\u00e7\u00e3o \u00e9 o mesmo que uma ben\u00e7\u00e3o, uma ben\u00e7\u00e3o, uma ben\u00e7\u00e3o.<\/h6>\n<h6><a href=\"#_ftnref7\" name=\"_ftn7\">[7]<\/a> Transforma\u00e7\u00e3o (2x) \/ Mais cultura amizade e comunica\u00e7\u00e3o \/ Transforma\u00e7\u00e3o (2x) \/ Arte do brasileiro em nosso cora\u00e7\u00e3o \/ Transforma\u00e7\u00e3o (2x) \/ Partilhando conselhos pra popula\u00e7\u00e3o!<\/h6>\n<h6>Mais cultura amizade e comunica\u00e7\u00e3o&#8230;<\/h6>\n<h6><a href=\"#_ftnref8\" name=\"_ftn8\">[8]<\/a> \u00c9! \u00c9 muita amizade. \u00c9! \/ Coletividade. \u00c9! \/ No Santa Maria que \/ A cidadania \u00e9 \/ Tempo da travessia. \u00c9! \/ Todos juntos e al\u00e9m. \u00c9! \/ Divers\u00e3o e uni\u00e3o. \/ Tem! \/ Educa\u00e7\u00e3o e consci\u00eancia \/ Com \/ Humildade e gratid\u00e3o \/ Pra fazer transforma\u00e7\u00e3o!<\/h6>\n<h6><\/h6>\n<h6><a href=\"#_ftnref9\" name=\"_ftn9\">[9]<\/a> Jo\u00e3o, Rubi e Nato<\/h6>\n<h6><\/h6>\n<h6>Eram tr\u00eas crian\u00e7as que vivam cantando<\/h6>\n<h6>Um estudava o dia inteiro<\/h6>\n<h6>O outro estudava e trabalhava<\/h6>\n<h6>E o outro morria trabalhando<\/h6>\n<h6>Cresceram cada qual no seu lugar<\/h6>\n<h6>Nos desencontros da vida<\/h6>\n<h6>Viviam a se encontrar<\/h6>\n<h6><\/h6>\n<h6>Jo\u00e3o teve muitas oportunidades<\/h6>\n<h6>Rubi somente a metade<\/h6>\n<h6>E nato ficou s\u00f3 na vontade<\/h6>\n<h6>Jo\u00e3o virou doutor<\/h6>\n<h6>Rubi vendedor<\/h6>\n<h6>E pro Nato pouco restou<\/h6>\n<h6>Rubi vendia marmita<\/h6>\n<h6>Doutor Jo\u00e3o comprava<\/h6>\n<h6>E Nato entregava<\/h6>\n<h6>Um dia a marmita chegou pela metade<\/h6>\n<h6>Doutor Jo\u00e3o exigiu a verdade<\/h6>\n<h6>E Rubi n\u00e3o soube responder<\/h6>\n<h6>Nato ainda envergonhado<\/h6>\n<h6>Justificou-se acanhado<\/h6>\n<h6>Estou desde ontem sem comer<\/h6>\n<h6>N\u00e3o \u00e9 malandragem!<\/h6>\n<h6>\u00c9 fome \u201cseu\u201d doutor<\/h6>\n<h6>Eu queria encher minha barriga tamb\u00e9m<\/h6>\n<h6>Estou desde ontem sem caf\u00e9, almo\u00e7o e jantar<\/h6>\n<h6>N\u00e3o estou me sentindo muito bem<\/h6>\n<p>&nbsp;<\/p>\n<p>&nbsp;<\/p>\n","protected":false},"featured_media":6957,"template":"","tags":[],"class_list":["post-2374","noticias","type-noticias","status-publish","has-post-thumbnail","hentry"],"acf":[],"_links":{"self":[{"href":"https:\/\/www.paulus.com.br\/assistencia-social\/wp-json\/wp\/v2\/noticias\/2374","targetHints":{"allow":["GET"]}}],"collection":[{"href":"https:\/\/www.paulus.com.br\/assistencia-social\/wp-json\/wp\/v2\/noticias"}],"about":[{"href":"https:\/\/www.paulus.com.br\/assistencia-social\/wp-json\/wp\/v2\/types\/noticias"}],"wp:featuredmedia":[{"embeddable":true,"href":"https:\/\/www.paulus.com.br\/assistencia-social\/wp-json\/wp\/v2\/media\/6957"}],"wp:attachment":[{"href":"https:\/\/www.paulus.com.br\/assistencia-social\/wp-json\/wp\/v2\/media?parent=2374"}],"wp:term":[{"taxonomy":"post_tag","embeddable":true,"href":"https:\/\/www.paulus.com.br\/assistencia-social\/wp-json\/wp\/v2\/tags?post=2374"}],"curies":[{"name":"wp","href":"https:\/\/api.w.org\/{rel}","templated":true}]}}