{"id":12206,"date":"2026-08-27T10:40:36","date_gmt":"2026-08-27T13:40:36","guid":{"rendered":"https:\/\/www.paulus.com.br\/assistencia-social\/?post_type=noticias&#038;p=12206"},"modified":"2026-08-27T10:40:37","modified_gmt":"2026-08-27T13:40:37","slug":"em-roraima-formacao-debate-fundamentos-e-desafios-do-suas","status":"publish","type":"noticias","link":"https:\/\/www.paulus.com.br\/assistencia-social\/noticias\/em-roraima-formacao-debate-fundamentos-e-desafios-do-suas\/","title":{"rendered":"Em Roraima, forma\u00e7\u00e3o debate fundamentos e desafios do SUAS"},"content":{"rendered":"\n<p class=\"wp-block-paragraph\">Em parceria com a Secretaria do Trabalho e Bem-Estar Social de Roraima (SETRABES\/RR), a PAULUS Social realizou, nos dias 19 e 20 de junho, em Boa Vista, a forma\u00e7\u00e3o &#8220;Eixos Estruturantes do SUAS&#8221;, voltada aos trabalhadores do Sistema \u00danico de Assist\u00eancia Social no estado. A capacita\u00e7\u00e3o teve carga hor\u00e1ria de 16 horas.<\/p>\n\n\n\n<p class=\"wp-block-paragraph\">Ministrada pelo assistente social e historiador Wagner de Santana, a forma\u00e7\u00e3o articulou fundamentos hist\u00f3ricos, legais e operacionais da pol\u00edtica de assist\u00eancia social com situa\u00e7\u00f5es concretas do cotidiano profissional. Foram abordados a organiza\u00e7\u00e3o do SUAS, as prote\u00e7\u00f5es sociais, b\u00e1sica e especial, os servi\u00e7os, programas e benef\u00edcios socioassistenciais. Tamb\u00e9m foram discutidos desafios contempor\u00e2neos do SUAS, como o subfinanciamento, o crescimento das demandas, a judicializa\u00e7\u00e3o e as condi\u00e7\u00f5es de trabalho.<\/p>\n\n\n\n<p class=\"wp-block-paragraph\">O controle social tamb\u00e9m integrou a programa\u00e7\u00e3o, com destaque para o papel dos Conselhos Municipais de Assist\u00eancia Social (CMAS). A discuss\u00e3o refor\u00e7ou a import\u00e2ncia da participa\u00e7\u00e3o social no acompanhamento e fortalecimento da pol\u00edtica de assist\u00eancia social e na consolida\u00e7\u00e3o do SUAS enquanto pol\u00edtica p\u00fablica.<\/p>\n\n\n\n<p class=\"wp-block-paragraph\">O Programa InovaSUAS qualifica trabalhadores do SUAS, conselheiros de assist\u00eancia social e de direitos, gestores, usu\u00e1rios e lideran\u00e7as representativas da rede socioassistencial com at\u00e9 360 horas de forma\u00e7\u00e3o para aprimorar as formas de gest\u00e3o, procedimentos e acessos a direitos sociais, utilizando pr\u00e1ticas inovadoras e conte\u00fados adequados \u00e0s realidades dos territ\u00f3rios. O programa mant\u00e9m tamb\u00e9m, em seu escopo de atua\u00e7\u00e3o metodol\u00f3gica, a produ\u00e7\u00e3o de estudos e a dissemina\u00e7\u00e3o de conte\u00fados de interesse do p\u00fablico da assist\u00eancia social.<\/p>\n","protected":false},"featured_media":12196,"template":"","tags":[],"class_list":["post-12206","noticias","type-noticias","status-publish","has-post-thumbnail","hentry"],"acf":[],"_links":{"self":[{"href":"https:\/\/www.paulus.com.br\/assistencia-social\/wp-json\/wp\/v2\/noticias\/12206","targetHints":{"allow":["GET"]}}],"collection":[{"href":"https:\/\/www.paulus.com.br\/assistencia-social\/wp-json\/wp\/v2\/noticias"}],"about":[{"href":"https:\/\/www.paulus.com.br\/assistencia-social\/wp-json\/wp\/v2\/types\/noticias"}],"wp:featuredmedia":[{"embeddable":true,"href":"https:\/\/www.paulus.com.br\/assistencia-social\/wp-json\/wp\/v2\/media\/12196"}],"wp:attachment":[{"href":"https:\/\/www.paulus.com.br\/assistencia-social\/wp-json\/wp\/v2\/media?parent=12206"}],"wp:term":[{"taxonomy":"post_tag","embeddable":true,"href":"https:\/\/www.paulus.com.br\/assistencia-social\/wp-json\/wp\/v2\/tags?post=12206"}],"curies":[{"name":"wp","href":"https:\/\/api.w.org\/{rel}","templated":true}]}}