{"id":11401,"date":"2026-04-27T12:25:41","date_gmt":"2026-04-27T15:25:41","guid":{"rendered":"https:\/\/www.paulus.com.br\/assistencia-social\/?post_type=noticias&#038;p=11401"},"modified":"2026-04-27T12:25:42","modified_gmt":"2026-04-27T15:25:42","slug":"programa-direito-e-cidadania-fortalece-atuacao-de-educadores-sociais-na-capital-paulista","status":"publish","type":"noticias","link":"https:\/\/www.paulus.com.br\/assistencia-social\/noticias\/programa-direito-e-cidadania-fortalece-atuacao-de-educadores-sociais-na-capital-paulista\/","title":{"rendered":"Programa Direito e Cidadania fortalece atua\u00e7\u00e3o de educadores sociais na capital paulista"},"content":{"rendered":"\n<p>A Paulus Social deu in\u00edcio, nos dias 14 e 15 de abril, aos primeiros encontros do Programa Direito e Cidadania (PDEC) \u2013 ciclo formativo 2026, no munic\u00edpio de S\u00e3o Paulo. As forma\u00e7\u00f5es s\u00e3o direcionadas aos orientadores\/educadores sociais de Servi\u00e7os de Conviv\u00eancia e Fortalecimentos de V\u00ednculos (SCFV).<\/p>\n\n\n\n<p>A atividade, realizada em parceria com o Espa\u00e7o P\u00fablico do Aprender Social (ESPASO), aconteceu na sede do parceiro. A forma\u00e7\u00e3o objetivou qualificar o dia a dia de trabalho para uma execu\u00e7\u00e3o mais segura, t\u00e9cnica e afetiva. Sob a facilita\u00e7\u00e3o de Fernanda Andrade Garcia, doutoranda em servi\u00e7o social, os profissionais foram convidados a refletir sobre suas atua\u00e7\u00f5es com base nas teorias de Paulo Freire e em suas aplica\u00e7\u00f5es pr\u00e1ticas por meio de atividades voltadas \u00e0 cria\u00e7\u00e3o de novas estrat\u00e9gias para o territ\u00f3rio, consolidando uma execu\u00e7\u00e3o do SCFV fundamentada em percursos progressivos \u2014 modelo essencial para garantir o car\u00e1ter preventivo do servi\u00e7o e possibilitar a cria\u00e7\u00e3o de sentimentos de pertencimento e protagonismo dos usu\u00e1rios.<\/p>\n\n\n\n<p>Dessa forma, a forma\u00e7\u00e3o reafirmou a import\u00e2ncia fundamental dos orientadores e educadores sociais como agentes emancipadores, cuja atua\u00e7\u00e3o \u00e9 capaz de proporcionar transforma\u00e7\u00f5es significativas nos indiv\u00edduos, fam\u00edlias e comunidades por meio da escuta qualificada e do di\u00e1logo. Ao fortalecer esses profissionais, a o processo formativo reafirma o compromisso com um SUAS mais humanizado, assegurando que o atendimento na ponta seja, de fato, uma ferramenta de garantia de direitos e de a\u00e7\u00f5es propositivas e conectadas com as realidades dos territ\u00f3rios.<\/p>\n\n\n\n<p>O Programa Direito e Cidadania qualifica orientadores e educadores sociais de Servi\u00e7os de Conviv\u00eancia e Fortalecimento de V\u00ednculos do SUAS em todo o Brasil, por meio de processos formativos baseados em diagn\u00f3sticos territoriais realizados em parceria com CMAS, secretarias de assist\u00eancia social e organiza\u00e7\u00f5es sociais, tendo como elemento facilitador o kit de&nbsp;livros&nbsp;da PAULUS, exclusivamente elaborado para essa&nbsp;finalidade.<\/p>\n\n\n\n<p><\/p>\n","protected":false},"featured_media":11399,"template":"","tags":[],"class_list":["post-11401","noticias","type-noticias","status-publish","has-post-thumbnail","hentry"],"acf":[],"_links":{"self":[{"href":"https:\/\/www.paulus.com.br\/assistencia-social\/wp-json\/wp\/v2\/noticias\/11401","targetHints":{"allow":["GET"]}}],"collection":[{"href":"https:\/\/www.paulus.com.br\/assistencia-social\/wp-json\/wp\/v2\/noticias"}],"about":[{"href":"https:\/\/www.paulus.com.br\/assistencia-social\/wp-json\/wp\/v2\/types\/noticias"}],"wp:featuredmedia":[{"embeddable":true,"href":"https:\/\/www.paulus.com.br\/assistencia-social\/wp-json\/wp\/v2\/media\/11399"}],"wp:attachment":[{"href":"https:\/\/www.paulus.com.br\/assistencia-social\/wp-json\/wp\/v2\/media?parent=11401"}],"wp:term":[{"taxonomy":"post_tag","embeddable":true,"href":"https:\/\/www.paulus.com.br\/assistencia-social\/wp-json\/wp\/v2\/tags?post=11401"}],"curies":[{"name":"wp","href":"https:\/\/api.w.org\/{rel}","templated":true}]}}