{"id":11391,"date":"2026-04-27T10:21:41","date_gmt":"2026-04-27T13:21:41","guid":{"rendered":"https:\/\/www.paulus.com.br\/assistencia-social\/?post_type=noticias&#038;p=11391"},"modified":"2026-04-27T10:21:42","modified_gmt":"2026-04-27T13:21:42","slug":"formacao-em-natal-debate-eixos-estruturantes-do-suas-e-a-consolidacao-da-assistencia-social-como-direito","status":"publish","type":"noticias","link":"https:\/\/www.paulus.com.br\/assistencia-social\/noticias\/formacao-em-natal-debate-eixos-estruturantes-do-suas-e-a-consolidacao-da-assistencia-social-como-direito\/","title":{"rendered":"Forma\u00e7\u00e3o em Natal debate eixos estruturantes do SUAS e a consolida\u00e7\u00e3o da Assist\u00eancia Social como direito"},"content":{"rendered":"\n<p>Atrav\u00e9s do Programa InovaSUAS, a PAULUS Social marcou novamente presen\u00e7a na capital potiguar para realizar uma forma\u00e7\u00e3o estrat\u00e9gica em parceria com a Funda\u00e7\u00e3o F\u00e9 e Alegria. Os encontros realizados nos dias 07 e 08 de abril de 2026, reuniram profissionais da rede socioassistencial de Natal\/RN e de diversos munic\u00edpios vizinhos para debater os &#8220;Eixos Estruturantes do SUAS&#8221;, focando na consolida\u00e7\u00e3o da Assist\u00eancia Social como pol\u00edtica p\u00fablica de direito.<\/p>\n\n\n\n<p>A atividade foi conduzida pela formadora Flaviana Mello e buscou romper com vis\u00f5es assistencialistas, promovendo o aprofundamento nas normativas, princ\u00edpios e diretrizes que regem o sistema atualmente. Com uma metodologia que privilegiou a constru\u00e7\u00e3o coletiva, a atividade possibilitou a atualiza\u00e7\u00e3o frente a trajet\u00f3ria da pol\u00edtica de assist\u00eancia social bem como, subs\u00eddios t\u00e9cnico, legal e conceitual para o trabalho no \u00e2mbito da PNAS\/SUAS.<\/p>\n\n\n\n<p>Por meio de din\u00e2micas e trabalhos em grupo, t\u00e9cnicos e gestores refletiram sobre a transi\u00e7\u00e3o do assistencialismo para a garantia de direitos. A viv\u00eancia permitiu que profissionais de diferentes localidades trocassem experi\u00eancias reais, transformando o aprendizado em uma ferramenta efetiva para a transforma\u00e7\u00e3o social e para o fortalecimento do cotidiano nos servi\u00e7os socioassistenciais.<\/p>\n\n\n\n<p>O Programa InovaSUAS qualifica trabalhadores do SUAS, conselheiros de assist\u00eancia social e de direitos, gestores, usu\u00e1rios e lideran\u00e7as representativas da rede socioassistencial com at\u00e9 360 horas de forma\u00e7\u00e3o para aprimorar as formas de gest\u00e3o, procedimentos e acessos a direitos sociais, utilizando pr\u00e1ticas inovadoras e conte\u00fados adequados \u00e0s realidades dos territ\u00f3rios. O programa mant\u00e9m tamb\u00e9m, em seu escopo de atua\u00e7\u00e3o metodol\u00f3gica, a produ\u00e7\u00e3o de estudos e a dissemina\u00e7\u00e3o de conte\u00fados de interesse do p\u00fablico da assist\u00eancia social.<\/p>\n\n\n\n<p><\/p>\n","protected":false},"featured_media":11390,"template":"","tags":[],"class_list":["post-11391","noticias","type-noticias","status-publish","has-post-thumbnail","hentry"],"acf":[],"_links":{"self":[{"href":"https:\/\/www.paulus.com.br\/assistencia-social\/wp-json\/wp\/v2\/noticias\/11391","targetHints":{"allow":["GET"]}}],"collection":[{"href":"https:\/\/www.paulus.com.br\/assistencia-social\/wp-json\/wp\/v2\/noticias"}],"about":[{"href":"https:\/\/www.paulus.com.br\/assistencia-social\/wp-json\/wp\/v2\/types\/noticias"}],"wp:featuredmedia":[{"embeddable":true,"href":"https:\/\/www.paulus.com.br\/assistencia-social\/wp-json\/wp\/v2\/media\/11390"}],"wp:attachment":[{"href":"https:\/\/www.paulus.com.br\/assistencia-social\/wp-json\/wp\/v2\/media?parent=11391"}],"wp:term":[{"taxonomy":"post_tag","embeddable":true,"href":"https:\/\/www.paulus.com.br\/assistencia-social\/wp-json\/wp\/v2\/tags?post=11391"}],"curies":[{"name":"wp","href":"https:\/\/api.w.org\/{rel}","templated":true}]}}