{"id":11152,"date":"2026-03-10T09:52:08","date_gmt":"2026-03-10T12:52:08","guid":{"rendered":"https:\/\/www.paulus.com.br\/assistencia-social\/?post_type=noticias&#038;p=11152"},"modified":"2026-03-10T09:52:09","modified_gmt":"2026-03-10T12:52:09","slug":"o-centro-de-convivencia-de-cotia-virou-avenida-e-folia","status":"publish","type":"noticias","link":"https:\/\/www.paulus.com.br\/assistencia-social\/noticias\/o-centro-de-convivencia-de-cotia-virou-avenida-e-folia\/","title":{"rendered":"O Centro de Conviv\u00eancia de Cotia virou avenida e folia!"},"content":{"rendered":"\n<p>A folia deste ano foi uma verdadeira megaprodu\u00e7\u00e3o de trabalho em equipe, alegria e valoriza\u00e7\u00e3o dos saberes. Atuando dentro das demandas de cada grupo, a brincadeira se transformou em oportunidade para abordar a grande representa\u00e7\u00e3o art\u00edstica e cultural que o carnaval carrega.<\/p>\n\n\n\n<figure class=\"wp-block-image size-full\"><a href=\"https:\/\/www.paulus.com.br\/assistencia-social\/wp-content\/uploads\/2026\/03\/cpccotia716-6.png\"><img loading=\"lazy\" decoding=\"async\" width=\"716\" height=\"444\" src=\"https:\/\/www.paulus.com.br\/assistencia-social\/wp-content\/uploads\/2026\/03\/cpccotia716-6.png\" alt=\"\" class=\"wp-image-11159\" srcset=\"https:\/\/www.paulus.com.br\/assistencia-social\/wp-content\/uploads\/2026\/03\/cpccotia716-6.png 716w, https:\/\/www.paulus.com.br\/assistencia-social\/wp-content\/uploads\/2026\/03\/cpccotia716-6-300x186.png 300w\" sizes=\"auto, (max-width: 716px) 100vw, 716px\" \/><\/a><\/figure>\n\n\n\n<p>Depois do grande sucesso que foi o evento de carnaval de 2025, todos estavam com grandes expectativas para este ano. A participa\u00e7\u00e3o tamb\u00e9m foi excelente: os atendidos constru\u00edram desde os sambas que tocaram na festa, suas fantasias e apresenta\u00e7\u00f5es!<\/p>\n\n\n\n<figure class=\"wp-block-image size-full\"><a href=\"https:\/\/www.paulus.com.br\/assistencia-social\/wp-content\/uploads\/2026\/03\/cpccotia716-4.png\"><img loading=\"lazy\" decoding=\"async\" width=\"716\" height=\"444\" src=\"https:\/\/www.paulus.com.br\/assistencia-social\/wp-content\/uploads\/2026\/03\/cpccotia716-4.png\" alt=\"\" class=\"wp-image-11158\" srcset=\"https:\/\/www.paulus.com.br\/assistencia-social\/wp-content\/uploads\/2026\/03\/cpccotia716-4.png 716w, https:\/\/www.paulus.com.br\/assistencia-social\/wp-content\/uploads\/2026\/03\/cpccotia716-4-300x186.png 300w\" sizes=\"auto, (max-width: 716px) 100vw, 716px\" \/><\/a><\/figure>\n\n\n\n<p>A festa, que marcou os aniversariantes do m\u00eas de fevereiro e a alegria contagiante do carnaval, foi o espa\u00e7o onde todos mostraram no que estavam trabalhando desde janeiro, juntos os grupos constru\u00edram as apresenta\u00e7\u00f5es de acordo com suas potencialidades. O dia contou com bloquinhos separados por tem\u00e1ticas, samba enredo e a vota\u00e7\u00e3o das melhores apresenta\u00e7\u00f5es.<\/p>\n\n\n\n<figure class=\"wp-block-image size-full\"><a href=\"https:\/\/www.paulus.com.br\/assistencia-social\/wp-content\/uploads\/2026\/03\/cpccotia716-3.png\"><img loading=\"lazy\" decoding=\"async\" width=\"716\" height=\"444\" src=\"https:\/\/www.paulus.com.br\/assistencia-social\/wp-content\/uploads\/2026\/03\/cpccotia716-3.png\" alt=\"\" class=\"wp-image-11157\" srcset=\"https:\/\/www.paulus.com.br\/assistencia-social\/wp-content\/uploads\/2026\/03\/cpccotia716-3.png 716w, https:\/\/www.paulus.com.br\/assistencia-social\/wp-content\/uploads\/2026\/03\/cpccotia716-3-300x186.png 300w\" sizes=\"auto, (max-width: 716px) 100vw, 716px\" \/><\/a><\/figure>\n\n\n\n<p>E o resultado? Todos sa\u00edram vencedores!&nbsp;Porque aqui o que realmente importa \u00e9 a coopera\u00e7\u00e3o, a alegria e a criatividade, todos tiraram nota 10 na conviv\u00eancia!<\/p>\n\n\n\n<figure class=\"wp-block-image size-full\"><a href=\"https:\/\/www.paulus.com.br\/assistencia-social\/wp-content\/uploads\/2026\/03\/cpccotia716-2.png\"><img loading=\"lazy\" decoding=\"async\" width=\"716\" height=\"444\" src=\"https:\/\/www.paulus.com.br\/assistencia-social\/wp-content\/uploads\/2026\/03\/cpccotia716-2.png\" alt=\"\" class=\"wp-image-11156\" srcset=\"https:\/\/www.paulus.com.br\/assistencia-social\/wp-content\/uploads\/2026\/03\/cpccotia716-2.png 716w, https:\/\/www.paulus.com.br\/assistencia-social\/wp-content\/uploads\/2026\/03\/cpccotia716-2-300x186.png 300w\" sizes=\"auto, (max-width: 716px) 100vw, 716px\" \/><\/a><\/figure>\n","protected":false},"featured_media":11153,"template":"","tags":[],"class_list":["post-11152","noticias","type-noticias","status-publish","has-post-thumbnail","hentry"],"acf":[],"_links":{"self":[{"href":"https:\/\/www.paulus.com.br\/assistencia-social\/wp-json\/wp\/v2\/noticias\/11152","targetHints":{"allow":["GET"]}}],"collection":[{"href":"https:\/\/www.paulus.com.br\/assistencia-social\/wp-json\/wp\/v2\/noticias"}],"about":[{"href":"https:\/\/www.paulus.com.br\/assistencia-social\/wp-json\/wp\/v2\/types\/noticias"}],"wp:featuredmedia":[{"embeddable":true,"href":"https:\/\/www.paulus.com.br\/assistencia-social\/wp-json\/wp\/v2\/media\/11153"}],"wp:attachment":[{"href":"https:\/\/www.paulus.com.br\/assistencia-social\/wp-json\/wp\/v2\/media?parent=11152"}],"wp:term":[{"taxonomy":"post_tag","embeddable":true,"href":"https:\/\/www.paulus.com.br\/assistencia-social\/wp-json\/wp\/v2\/tags?post=11152"}],"curies":[{"name":"wp","href":"https:\/\/api.w.org\/{rel}","templated":true}]}}