{"id":11147,"date":"2026-03-10T09:48:22","date_gmt":"2026-03-10T12:48:22","guid":{"rendered":"https:\/\/www.paulus.com.br\/assistencia-social\/?post_type=noticias&#038;p=11147"},"modified":"2026-03-10T09:48:23","modified_gmt":"2026-03-10T12:48:23","slug":"vila-mariana-inicia-2026-com-perspectivas-de-ampliacao-e-fortalecimento-de-vinculos","status":"publish","type":"noticias","link":"https:\/\/www.paulus.com.br\/assistencia-social\/noticias\/vila-mariana-inicia-2026-com-perspectivas-de-ampliacao-e-fortalecimento-de-vinculos\/","title":{"rendered":"Vila Mariana inicia 2026 com perspectivas de amplia\u00e7\u00e3o e fortalecimento de v\u00ednculos"},"content":{"rendered":"\n<p>O Centro PAULUS de Conviv\u00eancia \u2013 Vila Mariana celebra o in\u00edcio de 2026 renovando seu compromisso com a comunidade e ampliando suas a\u00e7\u00f5es no territ\u00f3rio. Com tr\u00eas anos de atua\u00e7\u00e3o consolidada junto a adolescentes e jovens, e desde agosto de 2025 atendendo tamb\u00e9m pessoas idosas, o servi\u00e7o se prepara para um ano com novas perspectivas de inova\u00e7\u00e3o nas pr\u00e1ticas socioassistenciais e expans\u00e3o do alcance dos servi\u00e7os oferecidos no \u00e2mbito do Sistema \u00danico de Assist\u00eancia Social (SUAS).<\/p>\n\n\n\n<p>O trabalho desenvolvido com adolescentes e jovens tem se destacado pela abordagem voltada \u00e0 prepara\u00e7\u00e3o para o mundo do trabalho, combinando atividades de autoconhecimento, desenvolvimento de habilidades socioemocionais e compet\u00eancias t\u00e9cnicas. Por meio de atividades de audiovisual, fotografia, elabora\u00e7\u00e3o de curr\u00edculos e simula\u00e7\u00f5es de entrevistas, o p\u00fablico constroi caminhos de autonomia e protagonismo.<\/p>\n\n\n\n<figure class=\"wp-block-image size-full\"><a href=\"https:\/\/www.paulus.com.br\/assistencia-social\/wp-content\/uploads\/2026\/03\/cpc-vila-mariana-1.png\"><img loading=\"lazy\" decoding=\"async\" width=\"716\" height=\"444\" src=\"https:\/\/www.paulus.com.br\/assistencia-social\/wp-content\/uploads\/2026\/03\/cpc-vila-mariana-1.png\" alt=\"\" class=\"wp-image-11149\" srcset=\"https:\/\/www.paulus.com.br\/assistencia-social\/wp-content\/uploads\/2026\/03\/cpc-vila-mariana-1.png 716w, https:\/\/www.paulus.com.br\/assistencia-social\/wp-content\/uploads\/2026\/03\/cpc-vila-mariana-1-300x186.png 300w\" sizes=\"auto, (max-width: 716px) 100vw, 716px\" \/><\/a><\/figure>\n\n\n\n<p>A inclus\u00e3o do atendimento a pessoas idosas, iniciado em agosto de 2025, trouxe uma nova dimens\u00e3o ao servi\u00e7o, que busca promover a conviv\u00eancia intergeracional e o fortalecimento de v\u00ednculos familiares e comunit\u00e1rios por meio da inclus\u00e3o digital e do audiovisual, al\u00e9m de rodas de conversa, pr\u00e1ticas culturais e de promo\u00e7\u00e3o \u00e0 sa\u00fade. Essas iniciativas possibilitam que as pessoas idosas se apropriem de novas linguagens, ampliem sua participa\u00e7\u00e3o social e compartilhem suas hist\u00f3rias e saberes.<\/p>\n\n\n\n<p>E \u00e9 claro que n\u00e3o faltam boas conversas, risadas, sonhos e boas perspectivas. 2026 j\u00e1 come\u00e7ou com muito movimento, alegria, comemora\u00e7\u00e3o dos aniversariantes e festa de carnaval. Adolescentes, jovens, pessoas idosas e equipe participaram juntos, com comida, m\u00fasica, fantasias e muito brilho; um pequeno exemplo de como ser\u00e1 o ano!<\/p>\n\n\n\n<figure class=\"wp-block-image size-full\"><a href=\"https:\/\/www.paulus.com.br\/assistencia-social\/wp-content\/uploads\/2026\/03\/cpc-vila-mariana-2.png\"><img loading=\"lazy\" decoding=\"async\" width=\"716\" height=\"444\" src=\"https:\/\/www.paulus.com.br\/assistencia-social\/wp-content\/uploads\/2026\/03\/cpc-vila-mariana-2.png\" alt=\"\" class=\"wp-image-11150\" srcset=\"https:\/\/www.paulus.com.br\/assistencia-social\/wp-content\/uploads\/2026\/03\/cpc-vila-mariana-2.png 716w, https:\/\/www.paulus.com.br\/assistencia-social\/wp-content\/uploads\/2026\/03\/cpc-vila-mariana-2-300x186.png 300w\" sizes=\"auto, (max-width: 716px) 100vw, 716px\" \/><\/a><\/figure>\n","protected":false},"featured_media":11148,"template":"","tags":[],"class_list":["post-11147","noticias","type-noticias","status-publish","has-post-thumbnail","hentry"],"acf":[],"_links":{"self":[{"href":"https:\/\/www.paulus.com.br\/assistencia-social\/wp-json\/wp\/v2\/noticias\/11147","targetHints":{"allow":["GET"]}}],"collection":[{"href":"https:\/\/www.paulus.com.br\/assistencia-social\/wp-json\/wp\/v2\/noticias"}],"about":[{"href":"https:\/\/www.paulus.com.br\/assistencia-social\/wp-json\/wp\/v2\/types\/noticias"}],"wp:featuredmedia":[{"embeddable":true,"href":"https:\/\/www.paulus.com.br\/assistencia-social\/wp-json\/wp\/v2\/media\/11148"}],"wp:attachment":[{"href":"https:\/\/www.paulus.com.br\/assistencia-social\/wp-json\/wp\/v2\/media?parent=11147"}],"wp:term":[{"taxonomy":"post_tag","embeddable":true,"href":"https:\/\/www.paulus.com.br\/assistencia-social\/wp-json\/wp\/v2\/tags?post=11147"}],"curies":[{"name":"wp","href":"https:\/\/api.w.org\/{rel}","templated":true}]}}