{"id":11142,"date":"2026-03-10T09:33:57","date_gmt":"2026-03-10T12:33:57","guid":{"rendered":"https:\/\/www.paulus.com.br\/assistencia-social\/?post_type=noticias&#038;p=11142"},"modified":"2026-03-10T09:34:34","modified_gmt":"2026-03-10T12:34:34","slug":"roda-de-prosa-familia-midias-e-convivencia","status":"publish","type":"noticias","link":"https:\/\/www.paulus.com.br\/assistencia-social\/noticias\/roda-de-prosa-familia-midias-e-convivencia\/","title":{"rendered":"Roda de Prosa: Fam\u00edlia, M\u00eddias e Conviv\u00eancia"},"content":{"rendered":"\n<p>No dia 26\/02, vivenciamos um momento muito especial aqui no Centro PAULUS de Conviv\u00eancia \u2013 Osasco: uma roda de prosa sobre, fam\u00edlia, m\u00eddias e conviv\u00eancia, mediada pelo coordenador, Pedro Figueiredo, com a participa\u00e7\u00e3o ativa das fam\u00edlias e dos adolescentes.<\/p>\n\n\n\n<p><br>Foi um encontro marcado pelo di\u00e1logo, pela escuta e pela troca de experi\u00eancias. Conversamos sobre o que s\u00e3o as m\u00eddias e como elas fazem parte do nosso dia a dia, seja nas redes sociais, na televis\u00e3o ou nas mensagens. Tamb\u00e9m refletimos sobre o que entendemos por fam\u00edlia e como esse espa\u00e7o \u00e9 fundamental para a constru\u00e7\u00e3o de valores, limites e apoio.<\/p>\n\n\n\n<figure class=\"wp-block-image size-full\"><a href=\"https:\/\/www.paulus.com.br\/assistencia-social\/wp-content\/uploads\/2026\/03\/cpc-osasco-1.png\"><img loading=\"lazy\" decoding=\"async\" width=\"716\" height=\"444\" src=\"https:\/\/www.paulus.com.br\/assistencia-social\/wp-content\/uploads\/2026\/03\/cpc-osasco-1.png\" alt=\"\" class=\"wp-image-11144\" srcset=\"https:\/\/www.paulus.com.br\/assistencia-social\/wp-content\/uploads\/2026\/03\/cpc-osasco-1.png 716w, https:\/\/www.paulus.com.br\/assistencia-social\/wp-content\/uploads\/2026\/03\/cpc-osasco-1-300x186.png 300w\" sizes=\"auto, (max-width: 716px) 100vw, 716px\" \/><\/a><\/figure>\n\n\n\n<p><br>Um dos pontos tratados na roda foram os perigos das m\u00eddias, como conte\u00fados inadequados e os riscos nas intera\u00e7\u00f5es online. As fam\u00edlias trouxeram suas preocupa\u00e7\u00f5es e desafios, enquanto os adolescentes compartilharam suas viv\u00eancias e percep\u00e7\u00f5es, tornando o di\u00e1logo ainda mais rico e significativo. A conversa ainda aproximou os adolescentes de suas fam\u00edlias, compartilhando experi\u00eancias de como usam as redes sociais, celulares e a internet.<\/p>\n\n\n\n<p><br>Momentos como esse fortalecem os v\u00ednculos, aproximam gera\u00e7\u00f5es e refor\u00e7am a import\u00e2ncia da conviv\u00eancia baseada no respeito, na orienta\u00e7\u00e3o e no cuidado. Seguimos juntos, aprendendo e construindo caminhos para um uso mais consciente das m\u00eddias e para rela\u00e7\u00f5es familiares mais saud\u00e1veis.<\/p>\n\n\n\n<figure class=\"wp-block-image size-full\"><a href=\"https:\/\/www.paulus.com.br\/assistencia-social\/wp-content\/uploads\/2026\/03\/cpc-osasco-3.png\"><img loading=\"lazy\" decoding=\"async\" width=\"716\" height=\"444\" src=\"https:\/\/www.paulus.com.br\/assistencia-social\/wp-content\/uploads\/2026\/03\/cpc-osasco-3.png\" alt=\"\" class=\"wp-image-11146\" srcset=\"https:\/\/www.paulus.com.br\/assistencia-social\/wp-content\/uploads\/2026\/03\/cpc-osasco-3.png 716w, https:\/\/www.paulus.com.br\/assistencia-social\/wp-content\/uploads\/2026\/03\/cpc-osasco-3-300x186.png 300w\" sizes=\"auto, (max-width: 716px) 100vw, 716px\" \/><\/a><\/figure>\n","protected":false},"featured_media":11143,"template":"","tags":[],"class_list":["post-11142","noticias","type-noticias","status-publish","has-post-thumbnail","hentry"],"acf":[],"_links":{"self":[{"href":"https:\/\/www.paulus.com.br\/assistencia-social\/wp-json\/wp\/v2\/noticias\/11142","targetHints":{"allow":["GET"]}}],"collection":[{"href":"https:\/\/www.paulus.com.br\/assistencia-social\/wp-json\/wp\/v2\/noticias"}],"about":[{"href":"https:\/\/www.paulus.com.br\/assistencia-social\/wp-json\/wp\/v2\/types\/noticias"}],"wp:featuredmedia":[{"embeddable":true,"href":"https:\/\/www.paulus.com.br\/assistencia-social\/wp-json\/wp\/v2\/media\/11143"}],"wp:attachment":[{"href":"https:\/\/www.paulus.com.br\/assistencia-social\/wp-json\/wp\/v2\/media?parent=11142"}],"wp:term":[{"taxonomy":"post_tag","embeddable":true,"href":"https:\/\/www.paulus.com.br\/assistencia-social\/wp-json\/wp\/v2\/tags?post=11142"}],"curies":[{"name":"wp","href":"https:\/\/api.w.org\/{rel}","templated":true}]}}