{"id":11138,"date":"2026-03-03T08:37:55","date_gmt":"2026-03-03T11:37:55","guid":{"rendered":"https:\/\/www.paulus.com.br\/assistencia-social\/?post_type=noticias&#038;p=11138"},"modified":"2026-03-03T08:37:56","modified_gmt":"2026-03-03T11:37:56","slug":"aprimorando-praticas-para-uma-atuacao-antirracista","status":"publish","type":"noticias","link":"https:\/\/www.paulus.com.br\/assistencia-social\/noticias\/aprimorando-praticas-para-uma-atuacao-antirracista\/","title":{"rendered":"Aprimorando pr\u00e1ticas para uma atua\u00e7\u00e3o antirracista"},"content":{"rendered":"\n<p>Nos dias 24 e 25 de fevereiro, demos in\u00edcio \u00e0 agenda formativa de 2026, em parceria com a Secretaria Municipal de Assist\u00eancia e Desenvolvimento Social (SMADS), via o Espa\u00e7o P\u00fablico do Aprender Social (ESPASO).<\/p>\n\n\n\n<p>Abrindo o calend\u00e1rio de atividades, a forma\u00e7\u00e3o \u201cLuta Antirracista\u201d trouxe ao centro do debate as rela\u00e7\u00f5es \u00e9tnico-raciais, partindo do entendimento de que o racismo \u00e9 um elemento estruturante da sociedade brasileira, atravessando e incidindo sobre as diversas dimens\u00f5es da vida social.&nbsp; O encontro foi realizado no ESPASO, e ficou a cargo da doutoranda em Servi\u00e7o Social, Kajali Lima Vitorio, que refor\u00e7ou a perspectiva de que o racismo ultrapassa atitudes individuais, configurando-se como uma engrenagem estrutural que organiza oportunidades, acessos e viv\u00eancias nos diferentes contextos sociais.<\/p>\n\n\n\n<p>Ao fomentar o pensamento cr\u00edtico acerca das formas de reprodu\u00e7\u00e3o do racismo no cotidiano institucional e nas intera\u00e7\u00f5es sociais, a iniciativa buscou fortalecer o compromisso \u00e9tico e t\u00e9cnico dos participantes com a constru\u00e7\u00e3o de pr\u00e1ticas antirracistas no \u00e2mbito do Sistema \u00danico de Assist\u00eancia Social (SUAS).<\/p>\n\n\n\n<p>O Programa InovaSUAS qualifica trabalhadores do SUAS, conselheiros de assist\u00eancia social e de direitos, gestores, usu\u00e1rios e lideran\u00e7as representativas da rede socioassistencial com at\u00e9 360 horas de forma\u00e7\u00e3o para aprimorar as formas de gest\u00e3o, procedimentos e acessos a direitos sociais, utilizando pr\u00e1ticas inovadoras e conte\u00fados adequados \u00e0s realidades dos territ\u00f3rios. O programa mant\u00e9m tamb\u00e9m, em seu escopo de atua\u00e7\u00e3o metodol\u00f3gica, a produ\u00e7\u00e3o de estudos e a dissemina\u00e7\u00e3o de conte\u00fados de interesse do p\u00fablico da assist\u00eancia social.<\/p>\n","protected":false},"featured_media":11139,"template":"","tags":[],"class_list":["post-11138","noticias","type-noticias","status-publish","has-post-thumbnail","hentry"],"acf":[],"_links":{"self":[{"href":"https:\/\/www.paulus.com.br\/assistencia-social\/wp-json\/wp\/v2\/noticias\/11138","targetHints":{"allow":["GET"]}}],"collection":[{"href":"https:\/\/www.paulus.com.br\/assistencia-social\/wp-json\/wp\/v2\/noticias"}],"about":[{"href":"https:\/\/www.paulus.com.br\/assistencia-social\/wp-json\/wp\/v2\/types\/noticias"}],"wp:featuredmedia":[{"embeddable":true,"href":"https:\/\/www.paulus.com.br\/assistencia-social\/wp-json\/wp\/v2\/media\/11139"}],"wp:attachment":[{"href":"https:\/\/www.paulus.com.br\/assistencia-social\/wp-json\/wp\/v2\/media?parent=11138"}],"wp:term":[{"taxonomy":"post_tag","embeddable":true,"href":"https:\/\/www.paulus.com.br\/assistencia-social\/wp-json\/wp\/v2\/tags?post=11138"}],"curies":[{"name":"wp","href":"https:\/\/api.w.org\/{rel}","templated":true}]}}